{"id":874,"date":"2023-04-18T12:51:12","date_gmt":"2023-04-18T10:51:12","guid":{"rendered":"https:\/\/dama-moe.de\/pl\/?p=874"},"modified":"2026-04-07T12:29:40","modified_gmt":"2026-04-07T10:29:40","slug":"faktura-i-jej-znaczenie-w-biznesie-polsko-niemieckim-i-dama-moe","status":"publish","type":"post","link":"https:\/\/dama-moe.de\/pl\/pl\/blog\/2023\/04\/18\/faktura-i-jej-znaczenie-w-biznesie-polsko-niemieckim-i-dama-moe\/","title":{"rendered":"Faktura i jej znaczenie w biznesie polsko-niemieckim"},"content":{"rendered":"\n<p><em>&#8211; &#8222;Pani Dario, pilna sprawa, czy mo\u017ce nam Pani szybko pom\u00f3c?&#8221; Dzwoni dyrektor komercyjny znanej mi firmy z bran\u017cy budowlanej w Niemczech.<\/em><\/p>\n\n\n\n<p><em>&#8211; &#8222;Ale\u017c oczywi\u015bcie, prosz\u0119 przedstawi\u0107 problem&#8221;.<\/em><\/p>\n\n\n\n<p>O co chodzi?<br>O wystawienie poprawnej faktury z &#8222;0&#8221; VATem przez polsk\u0105 firm\u0119, dostarczaj\u0105c\u0105 cz\u0119\u015bci na plac budowlany w Niemczech.&nbsp;<br>Temat bardzo dobrze mi znany, bo ju\u017c cz\u0119sto si\u0119 z tym spotyka\u0142am.&nbsp;<br>Je\u017celi chodzi o VAT i jego odliczenie czy zwrot, to niemieckie urz\u0119dy skarbowe nie znaj\u0105 pardonu. Niekiedy chodzi o bardzo du\u017ce sumy. Przez takie nieporozumienie cz\u0119sto spotykam si\u0119 z tym, \u017ce niemieckie firmy nie mog\u0105 zap\u0142aci\u0107, a polskie nie wiedz\u0105 dlaczego. I tak sprawa potem l\u0105duje w kancelarii adwokackiej.<br>We wczorajszej sprawie mog\u0142am od razu pom\u00f3c, ksi\u0119gowa w firmie polskiej by\u0142a bardzo wdzi\u0119czna, \u017ce kto\u015b m\u00f3g\u0142 jej po polsku wyja\u015bni\u0107 o co konkretnie chodzi.&nbsp;Poprawi\u0142a faktur\u0119 i od razu przes\u0142a\u0142a do ksi\u0119gowej niemieckiej firmy. <br><\/p>\n\n\n\n<p><strong>Jak poprawnie wystawi\u0107 faktur\u0119 w Niemczech?<\/strong><\/p>\n\n\n\n<p>Ka\u017cdy przedsi\u0119biorca \u015bwiadcz\u0105cy us\u0142ugi na rzecz innych firm jest zobowi\u0105zany do wystawienia faktury. Faktura musi zawiera\u0107 obowi\u0105zkowe informacje okre\u015blone w \u00a7 14 UStG (niemiecka ustawa o VAT): S\u0105 to m.in.: <\/p>\n\n\n\n<ul class=\"wp-block-list\">\n<li>nazwa i adres zar\u00f3wno przedsi\u0119biorcy \u015bwiadcz\u0105cego us\u0142ug\u0119, jak i odbiorcy us\u0142ugi <\/li>\n\n\n\n<li>numer identyfikacji podatkowej <\/li>\n\n\n\n<li>data wystawienia faktury <\/li>\n\n\n\n<li>numer faktury, kt\u00f3ry mo\u017ce by\u0107 nadany tylko raz <\/li>\n\n\n\n<li>ilo\u015b\u0107 i rodzaj dostarczonych towar\u00f3w lub zakres i rodzaj \u015bwiadczonej us\u0142ugi (towar lub us\u0142uga musi by\u0107 opisany w spos\u00f3b umo\u017cliwiaj\u0105cy jej jednoznaczn\u0105 identyfikacj\u0119. Dozwolone s\u0105 oznaczenia zbiorowe (armatury, meble biurowe, alkohole, wyroby tytoniowe). Jednak oznaczenia o charakterze og\u00f3lnym (np. przedmioty upominkowe) nie s\u0105 wystarczaj\u0105ce.<\/li>\n\n\n\n<li>czas wykonania us\u0142ugi \/ termin dostawy towar\u00f3w. Podanie terminu dostawy towaru lub wykonania us\u0142ugi, jest obowi\u0105zkowe.<br>Okre\u015blenie miesi\u0105ca jest wystarczaj\u0105ce. Dotyczy to r\u00f3wnie\u017c sytuacji, gdy data faktury jest zgodna z dat\u0105 dostawy\/us\u0142ugi. Je\u017celi dok\u0142adny termin dostawy lub wykonania us\u0142ugi nie zosta\u0142 jeszcze ustalony, nale\u017cy poda\u0107 przewidywany termin.<\/li>\n\n\n\n<li>informacja o wysoko\u015bci uzgodnionej op\u0142aty za wykonan\u0105 us\u0142ug\u0119 \/ cena towaru (w razie potrzeby z podaniem uzgodnionej wcze\u015bniej obni\u017cki op\u0142aty). W przypadku uregulowania zaliczek nale\u017cy to odnotowa\u0107 oddzielnie na fakturze. Je\u017celi czas odbioru jest ustalony, nale\u017cy to odnotowa\u0107 oddzielnie na fakturze. Je\u017celi czas odbioru pokrywa si\u0119 z dat\u0105 wystawienia faktury wystarczy poda\u0107 miesi\u0105c kalendarzowy odbioru.<\/li>\n\n\n\n<li>informacja o obowi\u0105zuj\u0105cej stawce VAT i konkretnej kwocie VAT. Nale\u017cy poda\u0107 wysoko\u015b\u0107 op\u0142aty i podatku oraz stawk\u0119 podatku lub zwolnienie z podatku VAT. <\/li>\n<\/ul>\n\n\n\n<p>Prawid\u0142owa faktura oznacza, \u017ce \u200b\u200bfaktura zawiera wszystkie niezb\u0119dne, obowi\u0105zkowe informacje. Ta obowi\u0105zkowa informacja jest uregulowana i dok\u0142adnie opisana w ustawie o podatku od towar\u00f3w i us\u0142ug (UStG). Spe\u0142nienie tych kryteri\u00f3w jest szczeg\u00f3lnie istotne dla mo\u017cliwo\u015bci odliczenia podatku naliczonego przez odbiorc\u0119 faktury.<\/p>\n\n\n\n<p><strong>Dostawa wewn\u0105trzwsp\u00f3lnotowa<\/strong><br>W przypadku sprzeda\u017cy towar\u00f3w na terenie UE (dostawa wewn\u0105trzwsp\u00f3lnotowa) przedsi\u0119biorca jest zobowi\u0105zany do wystawienia faktury do 15 dnia miesi\u0105ca nast\u0119puj\u0105cego po sprzeda\u017cy. <\/p>\n\n\n\n<p>Dostawy na terytorium Unii Europejskiej s\u0105 zwolnione z podatku obrotowego tylko wtedy, gdy dostawa jest realizowana do przedsi\u0119biorcy zagranicznego. Dostawy do os\u00f3b fizycznych podlegaj\u0105 opodatkowaniu podatkiem obrotowym (inne ni\u017c dostawy eksportowe do \u201ekraj\u00f3w trzecich\u201d = kraj\u00f3w spoza UE).<\/p>\n\n\n\n<p><strong>Numer VAT<\/strong><\/p>\n\n\n\n<p>Aby uzasadni\u0107 zwolnienie z podatku od sprzeda\u017cy (lub niekt\u00f3rych us\u0142ug), trzeba udowodni\u0107, \u017ce klient z UE jest przedsi\u0119biorc\u0105. Odbywa si\u0119 to poprzez dok\u0142adne okre\u015blenie klienta (dok\u0142adna nazwa firmy i adres) i jego numeru identyfikacji podatkowej. Numery identyfikacji podatkowej s\u0105 wydawane tylko firmom. W Niemczech autentyczno\u015b\u0107 zagranicznego numeru identyfikacji podatkowej mo\u017cna uzyska\u0107 w Federalnym Centralnym Urz\u0119dzie Skarbowym.<\/p>\n\n\n\n<p>Udowodnienie, \u017ce nabywaj\u0105cym jest przedsi\u0119biorca w UE, kt\u00f3ry posiada (sprawdzony) numer VAT UE, nie oznacza jeszcze, \u017ce faktura mo\u017ce by\u0107 wystawiona z &#8222;0&#8221; VATem. Potrzebne jest jeszcze potwierdzenie przekroczenia towaru przez granic\u0119 w UE. Najlepiej, jak mo\u017ce to potwierdzi\u0107 osoba trzecia (kurier, firma logistyczna, poczta itp.). Cz\u0119sto bywa  tak, \u017ce nabywaj\u0105cy sam przyje\u017cd\u017ca za towarem i \u0142aduje na swoj\u0105 ci\u0119\u017car\u00f3wk\u0119. Ale to nie oznacza, \u017ce towar wywo\u017cony jest za granic\u0119 pa\u0144stwa. Nabywaj\u0105cy mo\u017ce sprzeda\u0107 towar w drugim miejscu w tym samym pa\u0144stwie. Wtedy towar nie przekroczy\u0142 granicy pa\u0144stwowej i podlega  opodatkowaniu VAT. W razie niepewno\u015bci zaleca si\u0119 w takim przypadku, aby sprzedaj\u0105cy wystawi\u0142 faktur\u0119 z VATem, kt\u00f3ry mo\u017ce zosta\u0107 zwr\u00f3cony kupuj\u0105cemu po udowodnieniu przez niego, \u017ce towar zosta\u0142 wywieziony z kraju sprzedaj\u0105cego. S\u0105 przypadki, \u017ce sprzedaj\u0105cy nie m\u00f3g\u0142 udowodni\u0107, \u017ce towar przekroczy\u0142 granic\u0119 i urz\u0105d skarbowy w Niemczech za\u017c\u0105da\u0142 VAT, w wi\u0119kszo\u015bci towar\u00f3w s\u0105 to 19 %.<\/p>\n\n\n\n<p><strong>Wa\u017cne: <\/strong>Faktura z 0 VATem musi zawiera\u0107 podstaw\u0119 zerowego opodatkowania, np. wewn\u0105trzwsp\u00f3lnotowa dostawa towaru. <\/p>\n\n\n\n<p>B\u0142\u0119dna faktura, szczeg\u00f3lnie w zakresie obowi\u0105zkowych informacji, to problem, ale w wi\u0119kszo\u015bci przypadk\u00f3w mo\u017cna j\u0105 poprawi\u0107. Warunkiem koniecznym jest skorygowanie przez wystawc\u0119 faktury. <\/p>\n\n\n\n<p>Wi\u0119cej informacji na ten temat udzieli doradca podatkowy w Niemczech. <\/p>\n\n\n\n<p>Checklista dot. sprawdzenia otrzymanej faktury:<\/p>\n\n\n\n<div class=\"wp-block-group is-nowrap is-layout-flex wp-container-core-group-is-layout-ad2f72ca wp-block-group-is-layout-flex\">\n<p><br>Czy zafakturowana dostawa lub us\u0142uga zosta\u0142a faktycznie zrealizowana?<br>Czy zgadzaj\u0105 si\u0119 dane wystawcy faktury i odbiorcy faktury?<br>Czy podane przez wystawc\u0119 dane konta s\u0105 prawid\u0142owe?<br>Czy stawki podatkowe s\u0105 prawid\u0142owe (wolne od podatku &#8211; z dopiskiem &#8211; \/7%\/19%)?<br>Czy transakcje zwolnione z podatku podlega\u0142y podatkowi od sprzeda\u017cy?<br>Czy prawid\u0142owo zidentyfikowano miejsce prowadzenia dzia\u0142alno\u015bci, z kt\u00f3rego\/do kt\u00f3rego towar zosta\u0142 dostarczony (krajowy\/zagraniczny)?<br>Czy na fakturze umieszczona jest data?<br>Czy jest numer faktury?<br>Czy r\u00f3\u017cne faktury cz\u0105stkowe (pojedyncze dokumenty) s\u0105 \u0142\u0105czone w jeden dokument zbiorczy?<br>Czy wykonana us\u0142uga jest prawid\u0142owo opisana?<br>Czy podatek od sprzeda\u017cy jest zawy\u017cony (20%, tylko 19% podlega odliczeniu)?<\/p>\n\n\n\n<p><\/p>\n\n\n\n<ul class=\"wp-block-list\">\n<li><\/li>\n<\/ul>\n<\/div>\n\n\n\n<p><\/p>\n","protected":false},"excerpt":{"rendered":"<p>&#8211; &#8222;Pani Dario, pilna sprawa, czy mo\u017ce nam Pani szybko pom\u00f3c?&#8221; Dzwoni dyrektor komercyjny znanej mi firmy z bran\u017cy budowlanej w Niemczech. &#8211; &#8222;Ale\u017c oczywi\u015bcie, prosz\u0119 przedstawi\u0107 problem&#8221;. O co chodzi?O wystawienie poprawnej faktury z &#8222;0&#8221; VATem przez polsk\u0105 firm\u0119, dostarczaj\u0105c\u0105 cz\u0119\u015bci na plac budowlany w Niemczech.&nbsp;Temat bardzo dobrze mi znany, bo ju\u017c cz\u0119sto si\u0119&hellip;&nbsp;<a href=\"https:\/\/dama-moe.de\/pl\/pl\/blog\/2023\/04\/18\/faktura-i-jej-znaczenie-w-biznesie-polsko-niemieckim-i-dama-moe\/\" rel=\"bookmark\">Dowiedz si\u0119 wi\u0119cej &raquo;<span class=\"screen-reader-text\">Faktura i jej znaczenie w biznesie polsko-niemieckim<\/span><\/a><\/p>\n","protected":false},"author":1,"featured_media":0,"comment_status":"closed","ping_status":"open","sticky":false,"template":"","format":"standard","meta":{"neve_meta_sidebar":"","neve_meta_container":"","neve_meta_enable_content_width":"","neve_meta_content_width":0,"neve_meta_title_alignment":"","neve_meta_author_avatar":"","neve_post_elements_order":"","neve_meta_disable_header":"","neve_meta_disable_footer":"","neve_meta_disable_title":"","footnotes":""},"categories":[110],"tags":[],"class_list":["post-874","post","type-post","status-publish","format-standard","hentry","category-ekspansja-do-niemiec-rynek-dach"],"yoast_head":"<!-- This site is optimized with the Yoast SEO plugin v27.5 - https:\/\/yoast.com\/product\/yoast-seo-wordpress\/ -->\n<title>Faktura i jej znaczenie w biznesie polsko-niemieckim - DARIA MAK-WALTHER<\/title>\n<meta name=\"description\" content=\"Niemcy przywi\u0105zuj\u0105 du\u017c\u0105 wag\u0119 do wymog\u00f3w biurokratycznych, zw\u0142aszcza je\u015bli chodzi o urz\u0105d skarbowy. Nale\u017cy do tego tak\u017ce faktura.\" \/>\n<meta name=\"robots\" content=\"index, follow, max-snippet:-1, max-image-preview:large, max-video-preview:-1\" \/>\n<link rel=\"canonical\" href=\"https:\/\/dama-moe.de\/pl\/pl\/blog\/2023\/04\/18\/faktura-i-jej-znaczenie-w-biznesie-polsko-niemieckim-i-dama-moe\/\" \/>\n<meta property=\"og:locale\" content=\"pl_PL\" \/>\n<meta property=\"og:type\" content=\"article\" \/>\n<meta property=\"og:title\" content=\"Faktura i jej znaczenie w biznesie polsko-niemieckim - DARIA MAK-WALTHER\" \/>\n<meta property=\"og:description\" content=\"Niemcy przywi\u0105zuj\u0105 du\u017c\u0105 wag\u0119 do wymog\u00f3w biurokratycznych, zw\u0142aszcza je\u015bli chodzi o urz\u0105d skarbowy. Nale\u017cy do tego tak\u017ce faktura.\" \/>\n<meta property=\"og:url\" content=\"https:\/\/dama-moe.de\/pl\/pl\/blog\/2023\/04\/18\/faktura-i-jej-znaczenie-w-biznesie-polsko-niemieckim-i-dama-moe\/\" \/>\n<meta property=\"og:site_name\" content=\"DARIA MAK-WALTHER\" \/>\n<meta property=\"article:published_time\" content=\"2023-04-18T10:51:12+00:00\" \/>\n<meta property=\"article:modified_time\" content=\"2026-04-07T10:29:40+00:00\" \/>\n<meta name=\"author\" content=\"Daria Mak-Walther\" \/>\n<meta name=\"twitter:card\" content=\"summary_large_image\" \/>\n<meta name=\"twitter:label1\" content=\"Napisane przez\" \/>\n\t<meta name=\"twitter:data1\" content=\"Daria Mak-Walther\" \/>\n\t<meta name=\"twitter:label2\" content=\"Szacowany czas czytania\" \/>\n\t<meta name=\"twitter:data2\" content=\"5 minut\" \/>\n<script type=\"application\/ld+json\" class=\"yoast-schema-graph\">{\"@context\":\"https:\\\/\\\/schema.org\",\"@graph\":[{\"@type\":\"Article\",\"@id\":\"https:\\\/\\\/dama-moe.de\\\/pl\\\/pl\\\/blog\\\/2023\\\/04\\\/18\\\/faktura-i-jej-znaczenie-w-biznesie-polsko-niemieckim-i-dama-moe\\\/#article\",\"isPartOf\":{\"@id\":\"https:\\\/\\\/dama-moe.de\\\/pl\\\/pl\\\/blog\\\/2023\\\/04\\\/18\\\/faktura-i-jej-znaczenie-w-biznesie-polsko-niemieckim-i-dama-moe\\\/\"},\"author\":{\"name\":\"Daria Mak-Walther\",\"@id\":\"https:\\\/\\\/dama-moe.de\\\/pl\\\/#\\\/schema\\\/person\\\/bd8f870e0350212c0eb0681783b4bc52\"},\"headline\":\"Faktura i jej znaczenie w biznesie polsko-niemieckim\",\"datePublished\":\"2023-04-18T10:51:12+00:00\",\"dateModified\":\"2026-04-07T10:29:40+00:00\",\"mainEntityOfPage\":{\"@id\":\"https:\\\/\\\/dama-moe.de\\\/pl\\\/pl\\\/blog\\\/2023\\\/04\\\/18\\\/faktura-i-jej-znaczenie-w-biznesie-polsko-niemieckim-i-dama-moe\\\/\"},\"wordCount\":1004,\"publisher\":{\"@id\":\"https:\\\/\\\/dama-moe.de\\\/pl\\\/#organization\"},\"articleSection\":[\"Ekspansja do Niemiec (rynek DACH)\"],\"inLanguage\":\"pl-PL\"},{\"@type\":\"WebPage\",\"@id\":\"https:\\\/\\\/dama-moe.de\\\/pl\\\/pl\\\/blog\\\/2023\\\/04\\\/18\\\/faktura-i-jej-znaczenie-w-biznesie-polsko-niemieckim-i-dama-moe\\\/\",\"url\":\"https:\\\/\\\/dama-moe.de\\\/pl\\\/pl\\\/blog\\\/2023\\\/04\\\/18\\\/faktura-i-jej-znaczenie-w-biznesie-polsko-niemieckim-i-dama-moe\\\/\",\"name\":\"Faktura i jej znaczenie w biznesie polsko-niemieckim - DARIA MAK-WALTHER\",\"isPartOf\":{\"@id\":\"https:\\\/\\\/dama-moe.de\\\/pl\\\/#website\"},\"datePublished\":\"2023-04-18T10:51:12+00:00\",\"dateModified\":\"2026-04-07T10:29:40+00:00\",\"description\":\"Niemcy przywi\u0105zuj\u0105 du\u017c\u0105 wag\u0119 do wymog\u00f3w biurokratycznych, zw\u0142aszcza je\u015bli chodzi o urz\u0105d skarbowy. Nale\u017cy do tego tak\u017ce faktura.\",\"breadcrumb\":{\"@id\":\"https:\\\/\\\/dama-moe.de\\\/pl\\\/pl\\\/blog\\\/2023\\\/04\\\/18\\\/faktura-i-jej-znaczenie-w-biznesie-polsko-niemieckim-i-dama-moe\\\/#breadcrumb\"},\"inLanguage\":\"pl-PL\",\"potentialAction\":[{\"@type\":\"ReadAction\",\"target\":[\"https:\\\/\\\/dama-moe.de\\\/pl\\\/pl\\\/blog\\\/2023\\\/04\\\/18\\\/faktura-i-jej-znaczenie-w-biznesie-polsko-niemieckim-i-dama-moe\\\/\"]}]},{\"@type\":\"BreadcrumbList\",\"@id\":\"https:\\\/\\\/dama-moe.de\\\/pl\\\/pl\\\/blog\\\/2023\\\/04\\\/18\\\/faktura-i-jej-znaczenie-w-biznesie-polsko-niemieckim-i-dama-moe\\\/#breadcrumb\",\"itemListElement\":[{\"@type\":\"ListItem\",\"position\":1,\"name\":\"Startseite\",\"item\":\"https:\\\/\\\/dama-moe.de\\\/pl\\\/\"},{\"@type\":\"ListItem\",\"position\":2,\"name\":\"Faktura i jej znaczenie w biznesie polsko-niemieckim\"}]},{\"@type\":\"WebSite\",\"@id\":\"https:\\\/\\\/dama-moe.de\\\/pl\\\/#website\",\"url\":\"https:\\\/\\\/dama-moe.de\\\/pl\\\/\",\"name\":\"DARIA MAK-WALTHER\",\"description\":\"Wspieramy Ci\u0119 w internacjonalizacji\",\"publisher\":{\"@id\":\"https:\\\/\\\/dama-moe.de\\\/pl\\\/#organization\"},\"potentialAction\":[{\"@type\":\"SearchAction\",\"target\":{\"@type\":\"EntryPoint\",\"urlTemplate\":\"https:\\\/\\\/dama-moe.de\\\/pl\\\/?s={search_term_string}\"},\"query-input\":{\"@type\":\"PropertyValueSpecification\",\"valueRequired\":true,\"valueName\":\"search_term_string\"}}],\"inLanguage\":\"pl-PL\"},{\"@type\":\"Organization\",\"@id\":\"https:\\\/\\\/dama-moe.de\\\/pl\\\/#organization\",\"name\":\"DARIA MAK-WALTHER\",\"url\":\"https:\\\/\\\/dama-moe.de\\\/pl\\\/\",\"logo\":{\"@type\":\"ImageObject\",\"inLanguage\":\"pl-PL\",\"@id\":\"https:\\\/\\\/dama-moe.de\\\/pl\\\/#\\\/schema\\\/logo\\\/image\\\/\",\"url\":\"\",\"contentUrl\":\"\",\"caption\":\"DARIA MAK-WALTHER\"},\"image\":{\"@id\":\"https:\\\/\\\/dama-moe.de\\\/pl\\\/#\\\/schema\\\/logo\\\/image\\\/\"}},{\"@type\":\"Person\",\"@id\":\"https:\\\/\\\/dama-moe.de\\\/pl\\\/#\\\/schema\\\/person\\\/bd8f870e0350212c0eb0681783b4bc52\",\"name\":\"Daria Mak-Walther\",\"sameAs\":[\"http:\\\/\\\/dama-moe.de\"],\"url\":\"https:\\\/\\\/dama-moe.de\\\/pl\\\/blog\\\/author\\\/admin\\\/\"}]}<\/script>\n<!-- \/ Yoast SEO plugin. -->","yoast_head_json":{"title":"Faktura i jej znaczenie w biznesie polsko-niemieckim - DARIA MAK-WALTHER","description":"Niemcy przywi\u0105zuj\u0105 du\u017c\u0105 wag\u0119 do wymog\u00f3w biurokratycznych, zw\u0142aszcza je\u015bli chodzi o urz\u0105d skarbowy. Nale\u017cy do tego tak\u017ce faktura.","robots":{"index":"index","follow":"follow","max-snippet":"max-snippet:-1","max-image-preview":"max-image-preview:large","max-video-preview":"max-video-preview:-1"},"canonical":"https:\/\/dama-moe.de\/pl\/pl\/blog\/2023\/04\/18\/faktura-i-jej-znaczenie-w-biznesie-polsko-niemieckim-i-dama-moe\/","og_locale":"pl_PL","og_type":"article","og_title":"Faktura i jej znaczenie w biznesie polsko-niemieckim - DARIA MAK-WALTHER","og_description":"Niemcy przywi\u0105zuj\u0105 du\u017c\u0105 wag\u0119 do wymog\u00f3w biurokratycznych, zw\u0142aszcza je\u015bli chodzi o urz\u0105d skarbowy. Nale\u017cy do tego tak\u017ce faktura.","og_url":"https:\/\/dama-moe.de\/pl\/pl\/blog\/2023\/04\/18\/faktura-i-jej-znaczenie-w-biznesie-polsko-niemieckim-i-dama-moe\/","og_site_name":"DARIA MAK-WALTHER","article_published_time":"2023-04-18T10:51:12+00:00","article_modified_time":"2026-04-07T10:29:40+00:00","author":"Daria Mak-Walther","twitter_card":"summary_large_image","twitter_misc":{"Napisane przez":"Daria Mak-Walther","Szacowany czas czytania":"5 minut"},"schema":{"@context":"https:\/\/schema.org","@graph":[{"@type":"Article","@id":"https:\/\/dama-moe.de\/pl\/pl\/blog\/2023\/04\/18\/faktura-i-jej-znaczenie-w-biznesie-polsko-niemieckim-i-dama-moe\/#article","isPartOf":{"@id":"https:\/\/dama-moe.de\/pl\/pl\/blog\/2023\/04\/18\/faktura-i-jej-znaczenie-w-biznesie-polsko-niemieckim-i-dama-moe\/"},"author":{"name":"Daria Mak-Walther","@id":"https:\/\/dama-moe.de\/pl\/#\/schema\/person\/bd8f870e0350212c0eb0681783b4bc52"},"headline":"Faktura i jej znaczenie w biznesie polsko-niemieckim","datePublished":"2023-04-18T10:51:12+00:00","dateModified":"2026-04-07T10:29:40+00:00","mainEntityOfPage":{"@id":"https:\/\/dama-moe.de\/pl\/pl\/blog\/2023\/04\/18\/faktura-i-jej-znaczenie-w-biznesie-polsko-niemieckim-i-dama-moe\/"},"wordCount":1004,"publisher":{"@id":"https:\/\/dama-moe.de\/pl\/#organization"},"articleSection":["Ekspansja do Niemiec (rynek DACH)"],"inLanguage":"pl-PL"},{"@type":"WebPage","@id":"https:\/\/dama-moe.de\/pl\/pl\/blog\/2023\/04\/18\/faktura-i-jej-znaczenie-w-biznesie-polsko-niemieckim-i-dama-moe\/","url":"https:\/\/dama-moe.de\/pl\/pl\/blog\/2023\/04\/18\/faktura-i-jej-znaczenie-w-biznesie-polsko-niemieckim-i-dama-moe\/","name":"Faktura i jej znaczenie w biznesie polsko-niemieckim - DARIA MAK-WALTHER","isPartOf":{"@id":"https:\/\/dama-moe.de\/pl\/#website"},"datePublished":"2023-04-18T10:51:12+00:00","dateModified":"2026-04-07T10:29:40+00:00","description":"Niemcy przywi\u0105zuj\u0105 du\u017c\u0105 wag\u0119 do wymog\u00f3w biurokratycznych, zw\u0142aszcza je\u015bli chodzi o urz\u0105d skarbowy. Nale\u017cy do tego tak\u017ce faktura.","breadcrumb":{"@id":"https:\/\/dama-moe.de\/pl\/pl\/blog\/2023\/04\/18\/faktura-i-jej-znaczenie-w-biznesie-polsko-niemieckim-i-dama-moe\/#breadcrumb"},"inLanguage":"pl-PL","potentialAction":[{"@type":"ReadAction","target":["https:\/\/dama-moe.de\/pl\/pl\/blog\/2023\/04\/18\/faktura-i-jej-znaczenie-w-biznesie-polsko-niemieckim-i-dama-moe\/"]}]},{"@type":"BreadcrumbList","@id":"https:\/\/dama-moe.de\/pl\/pl\/blog\/2023\/04\/18\/faktura-i-jej-znaczenie-w-biznesie-polsko-niemieckim-i-dama-moe\/#breadcrumb","itemListElement":[{"@type":"ListItem","position":1,"name":"Startseite","item":"https:\/\/dama-moe.de\/pl\/"},{"@type":"ListItem","position":2,"name":"Faktura i jej znaczenie w biznesie polsko-niemieckim"}]},{"@type":"WebSite","@id":"https:\/\/dama-moe.de\/pl\/#website","url":"https:\/\/dama-moe.de\/pl\/","name":"DARIA MAK-WALTHER","description":"Wspieramy Ci\u0119 w internacjonalizacji","publisher":{"@id":"https:\/\/dama-moe.de\/pl\/#organization"},"potentialAction":[{"@type":"SearchAction","target":{"@type":"EntryPoint","urlTemplate":"https:\/\/dama-moe.de\/pl\/?s={search_term_string}"},"query-input":{"@type":"PropertyValueSpecification","valueRequired":true,"valueName":"search_term_string"}}],"inLanguage":"pl-PL"},{"@type":"Organization","@id":"https:\/\/dama-moe.de\/pl\/#organization","name":"DARIA MAK-WALTHER","url":"https:\/\/dama-moe.de\/pl\/","logo":{"@type":"ImageObject","inLanguage":"pl-PL","@id":"https:\/\/dama-moe.de\/pl\/#\/schema\/logo\/image\/","url":"","contentUrl":"","caption":"DARIA MAK-WALTHER"},"image":{"@id":"https:\/\/dama-moe.de\/pl\/#\/schema\/logo\/image\/"}},{"@type":"Person","@id":"https:\/\/dama-moe.de\/pl\/#\/schema\/person\/bd8f870e0350212c0eb0681783b4bc52","name":"Daria Mak-Walther","sameAs":["http:\/\/dama-moe.de"],"url":"https:\/\/dama-moe.de\/pl\/blog\/author\/admin\/"}]}},"_links":{"self":[{"href":"https:\/\/dama-moe.de\/pl\/wp-json\/wp\/v2\/posts\/874","targetHints":{"allow":["GET"]}}],"collection":[{"href":"https:\/\/dama-moe.de\/pl\/wp-json\/wp\/v2\/posts"}],"about":[{"href":"https:\/\/dama-moe.de\/pl\/wp-json\/wp\/v2\/types\/post"}],"author":[{"embeddable":true,"href":"https:\/\/dama-moe.de\/pl\/wp-json\/wp\/v2\/users\/1"}],"replies":[{"embeddable":true,"href":"https:\/\/dama-moe.de\/pl\/wp-json\/wp\/v2\/comments?post=874"}],"version-history":[{"count":8,"href":"https:\/\/dama-moe.de\/pl\/wp-json\/wp\/v2\/posts\/874\/revisions"}],"predecessor-version":[{"id":1082,"href":"https:\/\/dama-moe.de\/pl\/wp-json\/wp\/v2\/posts\/874\/revisions\/1082"}],"wp:attachment":[{"href":"https:\/\/dama-moe.de\/pl\/wp-json\/wp\/v2\/media?parent=874"}],"wp:term":[{"taxonomy":"category","embeddable":true,"href":"https:\/\/dama-moe.de\/pl\/wp-json\/wp\/v2\/categories?post=874"},{"taxonomy":"post_tag","embeddable":true,"href":"https:\/\/dama-moe.de\/pl\/wp-json\/wp\/v2\/tags?post=874"}],"curies":[{"name":"wp","href":"https:\/\/api.w.org\/{rel}","templated":true}]}}