{"id":1138,"date":"2025-11-06T16:20:35","date_gmt":"2025-11-06T15:20:35","guid":{"rendered":"https:\/\/dama-moe.de\/pl\/?p=1138"},"modified":"2026-04-07T12:15:58","modified_gmt":"2026-04-07T10:15:58","slug":"kultura-organizacyjna-i-wyzwania-w-przejeciach-miedzynarodowych","status":"publish","type":"post","link":"https:\/\/dama-moe.de\/pl\/pl\/blog\/2025\/11\/06\/kultura-organizacyjna-i-wyzwania-w-przejeciach-miedzynarodowych\/","title":{"rendered":"Kultura organizacyjna &#8211; niewidoczny czynnik sukcesu w przej\u0119ciach firm"},"content":{"rendered":"\n<h2 class=\"wp-block-heading\">Rola kultury organizacyjnej w sukcesie przej\u0119cia i fuzji firm<\/h2>\n\n\n\n<p><strong>W<\/strong> procesie fuzji czy przej\u0119cia firmy najcz\u0119\u015bciej skupiamy si\u0119 na liczbach, procedurach i strategiach, a cz\u0119sto pomijamy jeden z najwa\u017cniejszych element\u00f3w, jakim jest integracja kulturowa. To b\u0142\u0105d, kt\u00f3ry mo\u017ce zadecydowa\u0107 o powodzeniu lub pora\u017cce ca\u0142ego przedsi\u0119wzi\u0119cia, tym bardziej we wsp\u00f3\u0142pracy mi\u0119dzynarodowej. Bo jednak to <strong>kultura organizacyjna<\/strong> decyduje o tym, czy integracja zako\u0144czy si\u0119 sukcesem. <\/p>\n\n\n\n<h3 class=\"wp-block-heading\">Jak po\u0142\u0105czy\u0107 r\u00f3\u017cne mentalno\u015bci, warto\u015bci i style pracy w jedno sp\u00f3jne \u015brodowisko?<\/h3>\n\n\n\n<p>W Niemczech coraz cz\u0119\u015bciej dochodzi do sytuacji, w kt\u00f3rej w\u0142a\u015bciciele firm &#8211; &nbsp;zw\u0142aszcza z sektora us\u0142ug i rzemios\u0142a \u2013 nie maj\u0105 komu przekaza\u0107 swojego biznesu. Szukaj\u0105 tak\u017ce nast\u0119pc\u00f3w za granic\u0105. Z biznesowego punktu widzenia wydaje si\u0119 to logiczne: dzia\u0142alno\u015b\u0107 firmy prowadzona jest dalej, pracownicy maj\u0105 zatrudnienie, do tego nowy kapita\u0142, nowe mo\u017cliwo\u015bci.<br>Jednak w praktyce wiele takich przej\u0119\u0107 ko\u0144czy si\u0119 frustracj\u0105 po obu stronach.<\/p>\n\n\n\n<h3 class=\"wp-block-heading\">Dlaczego?<\/h3>\n\n\n\n<p>Bo obok r\u00f3\u017cnic prawnych, j\u0119zykowych czy organizacyjnych pojawia si\u0119 jeszcze r\u00f3\u017cnica kulturowa &#8211; i to w\u0142a\u015bnie ona okazuje si\u0119 najwi\u0119kszym wyzwaniem, nie tylko wewn\u0105trz tego samego regionu, ale przede wszystkim we wsp\u00f3\u0142pracy mi\u0119dzynarodowej.<\/p>\n\n\n\n<p>Nowy zagraniczny mened\u017cer wnosi swoje do\u015bwiadczenie i metody zarz\u0105dzania, swoj\u0105 mentalno\u015b\u0107 oraz kultur\u0119 prowadzenia firmy<br>Jednak zapomina, \u017ce firma, kt\u00f3r\u0105 przejmuje, ma swoj\u0105 histori\u0119, warto\u015bci i spos\u00f3b komunikacji.<br>Pracownicy, kt\u00f3rzy przez lata tworzyli jej to\u017csamo\u015b\u0107, potrzebuj\u0105 poczucia bezpiecze\u0144stwa i zrozumienia, zanim b\u0119d\u0105 gotowi na zmiany.<\/p>\n\n\n\n<p>W polskim kontek\u015bcie cz\u0119sto dochodzi do sytuacji, \u017ce po przej\u0119ciu niemieckiej sp\u00f3\u0142ki kierownictwo obejmuj\u0105 Polacy lub osoby z polskiej diaspory.<br>Dzi\u0119ki temu mentalno\u015b\u0107 polska pozostaje bardzo silna &#8211; ale to, co dla jednych jest zalet\u0105 (np. elastyczno\u015b\u0107, relacyjno\u015b\u0107), dla drugich mo\u017ce by\u0107 \u017ar\u00f3d\u0142em nieporozumie\u0144.<br>Spotykaj\u0105 si\u0119 dwa style pracy, dwa sposoby podejmowania decyzji, dwa \u015bwiaty warto\u015bci.<\/p>\n\n\n\n<h3 class=\"wp-block-heading\">Jak po\u0142\u0105czy\u0107 dwie kultury organizacyjne?<\/h3>\n\n\n\n<p>Nie chodzi o to, by jeden z nich \u201ewygra\u0142\u201d, a drugi \u201eprzegra\u0142\u201d.<br>Chodzi o to, by stworzy\u0107 now\u0105 jako\u015b\u0107 zarz\u0105dzania po przej\u0119ciu \u2013 wsp\u00f3ln\u0105 kultur\u0119 organizacyjn\u0105, kt\u00f3ra \u0142\u0105czy, a nie dzieli.<\/p>\n\n\n\n<p>To wymaga czasu, dialogu i otwarto\u015bci oraz postawienia tego wyzwania na najwy\u017cszym szczeblu zarz\u0105dczym. Wymaga te\u017c \u015bwiadomo\u015bci, \u017ce&nbsp;<strong>przej\u0119cie firmy to nie tylko transakcja<\/strong>, lecz przede wszystkim (d\u0142ugi) proces integracji ludzi, warto\u015bci i wizji.<\/p>\n\n\n\n<h4 class=\"wp-block-heading\">Pami\u0119taj&#8230;<\/h4>\n\n\n\n<p>&#8230; <strong>Sukces fuzji i przej\u0119\u0107<\/strong> nie zale\u017cy wy\u0142\u0105cznie od liczb.<br>Zale\u017cy od tego, czy ludzie potrafi\u0105 ze sob\u0105 wsp\u00f3\u0142pracowa\u0107 \u2013 mimo r\u00f3\u017cnic, nie tylko j\u0119zykowych.<\/p>\n\n\n\n<p><strong>Je\u015bli Twoja firma stoi przed podobnym wyzwaniem \u2013 porozmawiajmy o tym, jak mo\u017cna przygotowa\u0107 si\u0119 do udanego przej\u0119cia i unikn\u0105\u0107 b\u0142\u0119d\u00f3w kulturowych.<\/strong><\/p>\n\n\n\n<p><a href=\"https:\/\/dama-moe.de\/pl\/kontakt-pl-projekty-w-niemczech-dla-ciebie-i-dama-moe\/\">Skontaktuj si\u0119 ze mn\u0105 <\/a>\u2013 wsp\u00f3lnie wypracujemy skuteczn\u0105 strategi\u0119 integracji.<\/p>\n\n\n\n<p><strong>#KulturaOrganizacyjna #IntegracjaKulturowa #Przej\u0119ciaFirm #Zarz\u0105dzanieZmian\u0105 #Mi\u0119dzynarodowaWsp\u00f3\u0142praca<\/strong><\/p>\n\n\n\n<p><\/p>\n","protected":false},"excerpt":{"rendered":"<p>Rola kultury organizacyjnej w sukcesie przej\u0119cia i fuzji firm W procesie fuzji czy przej\u0119cia firmy najcz\u0119\u015bciej skupiamy si\u0119 na liczbach, procedurach i strategiach, a cz\u0119sto pomijamy jeden z najwa\u017cniejszych element\u00f3w, jakim jest integracja kulturowa. To b\u0142\u0105d, kt\u00f3ry mo\u017ce zadecydowa\u0107 o powodzeniu lub pora\u017cce ca\u0142ego przedsi\u0119wzi\u0119cia, tym bardziej we wsp\u00f3\u0142pracy mi\u0119dzynarodowej. Bo jednak to kultura organizacyjna&hellip;&nbsp;<a href=\"https:\/\/dama-moe.de\/pl\/pl\/blog\/2025\/11\/06\/kultura-organizacyjna-i-wyzwania-w-przejeciach-miedzynarodowych\/\" rel=\"bookmark\">Dowiedz si\u0119 wi\u0119cej &raquo;<span class=\"screen-reader-text\">Kultura organizacyjna &#8211; niewidoczny czynnik sukcesu w przej\u0119ciach firm<\/span><\/a><\/p>\n","protected":false},"author":1,"featured_media":1140,"comment_status":"closed","ping_status":"open","sticky":false,"template":"","format":"standard","meta":{"neve_meta_sidebar":"","neve_meta_container":"","neve_meta_enable_content_width":"","neve_meta_content_width":0,"neve_meta_title_alignment":"","neve_meta_author_avatar":"","neve_post_elements_order":"","neve_meta_disable_header":"","neve_meta_disable_footer":"","neve_meta_disable_title":"","footnotes":""},"categories":[114],"tags":[],"class_list":["post-1138","post","type-post","status-publish","format-standard","has-post-thumbnail","hentry","category-rozniece-kulturowe-w-biznesie"],"yoast_head":"<!-- This site is optimized with the Yoast SEO plugin v27.5 - https:\/\/yoast.com\/product\/yoast-seo-wordpress\/ -->\n<title>Kultura organizacyjna - niewidoczny czynnik sukcesu w przej\u0119ciach firm - DARIA MAK-WALTHER<\/title>\n<meta name=\"description\" content=\"Kultura organizacyjna to klucz do sukcesu w przej\u0119ciach firm. Dowiedz si\u0119, jak unikn\u0105\u0107 b\u0142\u0119d\u00f3w i po\u0142\u0105czy\u0107 dwa \u015bwiaty biznesowe.\" \/>\n<meta name=\"robots\" content=\"index, follow, max-snippet:-1, max-image-preview:large, max-video-preview:-1\" \/>\n<link rel=\"canonical\" href=\"https:\/\/dama-moe.de\/pl\/pl\/blog\/2025\/11\/06\/kultura-organizacyjna-i-wyzwania-w-przejeciach-miedzynarodowych\/\" \/>\n<meta property=\"og:locale\" content=\"pl_PL\" \/>\n<meta property=\"og:type\" content=\"article\" \/>\n<meta property=\"og:title\" content=\"Kultura organizacyjna - niewidoczny czynnik sukcesu w przej\u0119ciach firm - DARIA MAK-WALTHER\" \/>\n<meta property=\"og:description\" content=\"Kultura organizacyjna to klucz do sukcesu w przej\u0119ciach firm. Dowiedz si\u0119, jak unikn\u0105\u0107 b\u0142\u0119d\u00f3w i po\u0142\u0105czy\u0107 dwa \u015bwiaty biznesowe.\" \/>\n<meta property=\"og:url\" content=\"https:\/\/dama-moe.de\/pl\/pl\/blog\/2025\/11\/06\/kultura-organizacyjna-i-wyzwania-w-przejeciach-miedzynarodowych\/\" \/>\n<meta property=\"og:site_name\" content=\"DARIA MAK-WALTHER\" \/>\n<meta property=\"article:published_time\" content=\"2025-11-06T15:20:35+00:00\" \/>\n<meta property=\"article:modified_time\" content=\"2026-04-07T10:15:58+00:00\" \/>\n<meta property=\"og:image\" content=\"https:\/\/dama-moe.de\/pl\/wp-content\/uploads\/sites\/3\/2025\/11\/ChatGPT-Image-5.-Nov.-2025-15_52_21.png\" \/>\n\t<meta property=\"og:image:width\" content=\"900\" \/>\n\t<meta property=\"og:image:height\" content=\"600\" \/>\n\t<meta property=\"og:image:type\" content=\"image\/png\" \/>\n<meta name=\"author\" content=\"Daria Mak-Walther\" \/>\n<meta name=\"twitter:card\" content=\"summary_large_image\" \/>\n<meta name=\"twitter:label1\" content=\"Napisane przez\" \/>\n\t<meta name=\"twitter:data1\" content=\"Daria Mak-Walther\" \/>\n\t<meta name=\"twitter:label2\" content=\"Szacowany czas czytania\" \/>\n\t<meta name=\"twitter:data2\" content=\"3 minuty\" \/>\n<script type=\"application\/ld+json\" class=\"yoast-schema-graph\">{\"@context\":\"https:\\\/\\\/schema.org\",\"@graph\":[{\"@type\":\"Article\",\"@id\":\"https:\\\/\\\/dama-moe.de\\\/pl\\\/pl\\\/blog\\\/2025\\\/11\\\/06\\\/kultura-organizacyjna-i-wyzwania-w-przejeciach-miedzynarodowych\\\/#article\",\"isPartOf\":{\"@id\":\"https:\\\/\\\/dama-moe.de\\\/pl\\\/pl\\\/blog\\\/2025\\\/11\\\/06\\\/kultura-organizacyjna-i-wyzwania-w-przejeciach-miedzynarodowych\\\/\"},\"author\":{\"name\":\"Daria Mak-Walther\",\"@id\":\"https:\\\/\\\/dama-moe.de\\\/pl\\\/#\\\/schema\\\/person\\\/bd8f870e0350212c0eb0681783b4bc52\"},\"headline\":\"Kultura organizacyjna &#8211; niewidoczny czynnik sukcesu w przej\u0119ciach firm\",\"datePublished\":\"2025-11-06T15:20:35+00:00\",\"dateModified\":\"2026-04-07T10:15:58+00:00\",\"mainEntityOfPage\":{\"@id\":\"https:\\\/\\\/dama-moe.de\\\/pl\\\/pl\\\/blog\\\/2025\\\/11\\\/06\\\/kultura-organizacyjna-i-wyzwania-w-przejeciach-miedzynarodowych\\\/\"},\"wordCount\":504,\"publisher\":{\"@id\":\"https:\\\/\\\/dama-moe.de\\\/pl\\\/#organization\"},\"image\":{\"@id\":\"https:\\\/\\\/dama-moe.de\\\/pl\\\/pl\\\/blog\\\/2025\\\/11\\\/06\\\/kultura-organizacyjna-i-wyzwania-w-przejeciach-miedzynarodowych\\\/#primaryimage\"},\"thumbnailUrl\":\"https:\\\/\\\/dama-moe.de\\\/pl\\\/wp-content\\\/uploads\\\/sites\\\/3\\\/2025\\\/11\\\/ChatGPT-Image-5.-Nov.-2025-15_52_21.png\",\"articleSection\":[\"R\u00f3\u017cnice kulturowe w biznesie\"],\"inLanguage\":\"pl-PL\"},{\"@type\":\"WebPage\",\"@id\":\"https:\\\/\\\/dama-moe.de\\\/pl\\\/pl\\\/blog\\\/2025\\\/11\\\/06\\\/kultura-organizacyjna-i-wyzwania-w-przejeciach-miedzynarodowych\\\/\",\"url\":\"https:\\\/\\\/dama-moe.de\\\/pl\\\/pl\\\/blog\\\/2025\\\/11\\\/06\\\/kultura-organizacyjna-i-wyzwania-w-przejeciach-miedzynarodowych\\\/\",\"name\":\"Kultura organizacyjna - niewidoczny czynnik sukcesu w przej\u0119ciach firm - DARIA MAK-WALTHER\",\"isPartOf\":{\"@id\":\"https:\\\/\\\/dama-moe.de\\\/pl\\\/#website\"},\"primaryImageOfPage\":{\"@id\":\"https:\\\/\\\/dama-moe.de\\\/pl\\\/pl\\\/blog\\\/2025\\\/11\\\/06\\\/kultura-organizacyjna-i-wyzwania-w-przejeciach-miedzynarodowych\\\/#primaryimage\"},\"image\":{\"@id\":\"https:\\\/\\\/dama-moe.de\\\/pl\\\/pl\\\/blog\\\/2025\\\/11\\\/06\\\/kultura-organizacyjna-i-wyzwania-w-przejeciach-miedzynarodowych\\\/#primaryimage\"},\"thumbnailUrl\":\"https:\\\/\\\/dama-moe.de\\\/pl\\\/wp-content\\\/uploads\\\/sites\\\/3\\\/2025\\\/11\\\/ChatGPT-Image-5.-Nov.-2025-15_52_21.png\",\"datePublished\":\"2025-11-06T15:20:35+00:00\",\"dateModified\":\"2026-04-07T10:15:58+00:00\",\"description\":\"Kultura organizacyjna to klucz do sukcesu w przej\u0119ciach firm. Dowiedz si\u0119, jak unikn\u0105\u0107 b\u0142\u0119d\u00f3w i po\u0142\u0105czy\u0107 dwa \u015bwiaty biznesowe.\",\"breadcrumb\":{\"@id\":\"https:\\\/\\\/dama-moe.de\\\/pl\\\/pl\\\/blog\\\/2025\\\/11\\\/06\\\/kultura-organizacyjna-i-wyzwania-w-przejeciach-miedzynarodowych\\\/#breadcrumb\"},\"inLanguage\":\"pl-PL\",\"potentialAction\":[{\"@type\":\"ReadAction\",\"target\":[\"https:\\\/\\\/dama-moe.de\\\/pl\\\/pl\\\/blog\\\/2025\\\/11\\\/06\\\/kultura-organizacyjna-i-wyzwania-w-przejeciach-miedzynarodowych\\\/\"]}]},{\"@type\":\"ImageObject\",\"inLanguage\":\"pl-PL\",\"@id\":\"https:\\\/\\\/dama-moe.de\\\/pl\\\/pl\\\/blog\\\/2025\\\/11\\\/06\\\/kultura-organizacyjna-i-wyzwania-w-przejeciach-miedzynarodowych\\\/#primaryimage\",\"url\":\"https:\\\/\\\/dama-moe.de\\\/pl\\\/wp-content\\\/uploads\\\/sites\\\/3\\\/2025\\\/11\\\/ChatGPT-Image-5.-Nov.-2025-15_52_21.png\",\"contentUrl\":\"https:\\\/\\\/dama-moe.de\\\/pl\\\/wp-content\\\/uploads\\\/sites\\\/3\\\/2025\\\/11\\\/ChatGPT-Image-5.-Nov.-2025-15_52_21.png\",\"width\":900,\"height\":600,\"caption\":\"kultura organizacyjna po przej\u0119ciu lub fuzji firmy\"},{\"@type\":\"BreadcrumbList\",\"@id\":\"https:\\\/\\\/dama-moe.de\\\/pl\\\/pl\\\/blog\\\/2025\\\/11\\\/06\\\/kultura-organizacyjna-i-wyzwania-w-przejeciach-miedzynarodowych\\\/#breadcrumb\",\"itemListElement\":[{\"@type\":\"ListItem\",\"position\":1,\"name\":\"Startseite\",\"item\":\"https:\\\/\\\/dama-moe.de\\\/pl\\\/\"},{\"@type\":\"ListItem\",\"position\":2,\"name\":\"Kultura organizacyjna &#8211; niewidoczny czynnik sukcesu w przej\u0119ciach firm\"}]},{\"@type\":\"WebSite\",\"@id\":\"https:\\\/\\\/dama-moe.de\\\/pl\\\/#website\",\"url\":\"https:\\\/\\\/dama-moe.de\\\/pl\\\/\",\"name\":\"DARIA MAK-WALTHER\",\"description\":\"Wspieramy Ci\u0119 w internacjonalizacji\",\"publisher\":{\"@id\":\"https:\\\/\\\/dama-moe.de\\\/pl\\\/#organization\"},\"potentialAction\":[{\"@type\":\"SearchAction\",\"target\":{\"@type\":\"EntryPoint\",\"urlTemplate\":\"https:\\\/\\\/dama-moe.de\\\/pl\\\/?s={search_term_string}\"},\"query-input\":{\"@type\":\"PropertyValueSpecification\",\"valueRequired\":true,\"valueName\":\"search_term_string\"}}],\"inLanguage\":\"pl-PL\"},{\"@type\":\"Organization\",\"@id\":\"https:\\\/\\\/dama-moe.de\\\/pl\\\/#organization\",\"name\":\"DARIA MAK-WALTHER\",\"url\":\"https:\\\/\\\/dama-moe.de\\\/pl\\\/\",\"logo\":{\"@type\":\"ImageObject\",\"inLanguage\":\"pl-PL\",\"@id\":\"https:\\\/\\\/dama-moe.de\\\/pl\\\/#\\\/schema\\\/logo\\\/image\\\/\",\"url\":\"\",\"contentUrl\":\"\",\"caption\":\"DARIA MAK-WALTHER\"},\"image\":{\"@id\":\"https:\\\/\\\/dama-moe.de\\\/pl\\\/#\\\/schema\\\/logo\\\/image\\\/\"}},{\"@type\":\"Person\",\"@id\":\"https:\\\/\\\/dama-moe.de\\\/pl\\\/#\\\/schema\\\/person\\\/bd8f870e0350212c0eb0681783b4bc52\",\"name\":\"Daria Mak-Walther\",\"sameAs\":[\"http:\\\/\\\/dama-moe.de\"],\"url\":\"https:\\\/\\\/dama-moe.de\\\/pl\\\/blog\\\/author\\\/admin\\\/\"}]}<\/script>\n<!-- \/ Yoast SEO plugin. -->","yoast_head_json":{"title":"Kultura organizacyjna - niewidoczny czynnik sukcesu w przej\u0119ciach firm - DARIA MAK-WALTHER","description":"Kultura organizacyjna to klucz do sukcesu w przej\u0119ciach firm. Dowiedz si\u0119, jak unikn\u0105\u0107 b\u0142\u0119d\u00f3w i po\u0142\u0105czy\u0107 dwa \u015bwiaty biznesowe.","robots":{"index":"index","follow":"follow","max-snippet":"max-snippet:-1","max-image-preview":"max-image-preview:large","max-video-preview":"max-video-preview:-1"},"canonical":"https:\/\/dama-moe.de\/pl\/pl\/blog\/2025\/11\/06\/kultura-organizacyjna-i-wyzwania-w-przejeciach-miedzynarodowych\/","og_locale":"pl_PL","og_type":"article","og_title":"Kultura organizacyjna - niewidoczny czynnik sukcesu w przej\u0119ciach firm - DARIA MAK-WALTHER","og_description":"Kultura organizacyjna to klucz do sukcesu w przej\u0119ciach firm. Dowiedz si\u0119, jak unikn\u0105\u0107 b\u0142\u0119d\u00f3w i po\u0142\u0105czy\u0107 dwa \u015bwiaty biznesowe.","og_url":"https:\/\/dama-moe.de\/pl\/pl\/blog\/2025\/11\/06\/kultura-organizacyjna-i-wyzwania-w-przejeciach-miedzynarodowych\/","og_site_name":"DARIA MAK-WALTHER","article_published_time":"2025-11-06T15:20:35+00:00","article_modified_time":"2026-04-07T10:15:58+00:00","og_image":[{"width":900,"height":600,"url":"https:\/\/dama-moe.de\/pl\/wp-content\/uploads\/sites\/3\/2025\/11\/ChatGPT-Image-5.-Nov.-2025-15_52_21.png","type":"image\/png"}],"author":"Daria Mak-Walther","twitter_card":"summary_large_image","twitter_misc":{"Napisane przez":"Daria Mak-Walther","Szacowany czas czytania":"3 minuty"},"schema":{"@context":"https:\/\/schema.org","@graph":[{"@type":"Article","@id":"https:\/\/dama-moe.de\/pl\/pl\/blog\/2025\/11\/06\/kultura-organizacyjna-i-wyzwania-w-przejeciach-miedzynarodowych\/#article","isPartOf":{"@id":"https:\/\/dama-moe.de\/pl\/pl\/blog\/2025\/11\/06\/kultura-organizacyjna-i-wyzwania-w-przejeciach-miedzynarodowych\/"},"author":{"name":"Daria Mak-Walther","@id":"https:\/\/dama-moe.de\/pl\/#\/schema\/person\/bd8f870e0350212c0eb0681783b4bc52"},"headline":"Kultura organizacyjna &#8211; niewidoczny czynnik sukcesu w przej\u0119ciach firm","datePublished":"2025-11-06T15:20:35+00:00","dateModified":"2026-04-07T10:15:58+00:00","mainEntityOfPage":{"@id":"https:\/\/dama-moe.de\/pl\/pl\/blog\/2025\/11\/06\/kultura-organizacyjna-i-wyzwania-w-przejeciach-miedzynarodowych\/"},"wordCount":504,"publisher":{"@id":"https:\/\/dama-moe.de\/pl\/#organization"},"image":{"@id":"https:\/\/dama-moe.de\/pl\/pl\/blog\/2025\/11\/06\/kultura-organizacyjna-i-wyzwania-w-przejeciach-miedzynarodowych\/#primaryimage"},"thumbnailUrl":"https:\/\/dama-moe.de\/pl\/wp-content\/uploads\/sites\/3\/2025\/11\/ChatGPT-Image-5.-Nov.-2025-15_52_21.png","articleSection":["R\u00f3\u017cnice kulturowe w biznesie"],"inLanguage":"pl-PL"},{"@type":"WebPage","@id":"https:\/\/dama-moe.de\/pl\/pl\/blog\/2025\/11\/06\/kultura-organizacyjna-i-wyzwania-w-przejeciach-miedzynarodowych\/","url":"https:\/\/dama-moe.de\/pl\/pl\/blog\/2025\/11\/06\/kultura-organizacyjna-i-wyzwania-w-przejeciach-miedzynarodowych\/","name":"Kultura organizacyjna - niewidoczny czynnik sukcesu w przej\u0119ciach firm - DARIA MAK-WALTHER","isPartOf":{"@id":"https:\/\/dama-moe.de\/pl\/#website"},"primaryImageOfPage":{"@id":"https:\/\/dama-moe.de\/pl\/pl\/blog\/2025\/11\/06\/kultura-organizacyjna-i-wyzwania-w-przejeciach-miedzynarodowych\/#primaryimage"},"image":{"@id":"https:\/\/dama-moe.de\/pl\/pl\/blog\/2025\/11\/06\/kultura-organizacyjna-i-wyzwania-w-przejeciach-miedzynarodowych\/#primaryimage"},"thumbnailUrl":"https:\/\/dama-moe.de\/pl\/wp-content\/uploads\/sites\/3\/2025\/11\/ChatGPT-Image-5.-Nov.-2025-15_52_21.png","datePublished":"2025-11-06T15:20:35+00:00","dateModified":"2026-04-07T10:15:58+00:00","description":"Kultura organizacyjna to klucz do sukcesu w przej\u0119ciach firm. Dowiedz si\u0119, jak unikn\u0105\u0107 b\u0142\u0119d\u00f3w i po\u0142\u0105czy\u0107 dwa \u015bwiaty biznesowe.","breadcrumb":{"@id":"https:\/\/dama-moe.de\/pl\/pl\/blog\/2025\/11\/06\/kultura-organizacyjna-i-wyzwania-w-przejeciach-miedzynarodowych\/#breadcrumb"},"inLanguage":"pl-PL","potentialAction":[{"@type":"ReadAction","target":["https:\/\/dama-moe.de\/pl\/pl\/blog\/2025\/11\/06\/kultura-organizacyjna-i-wyzwania-w-przejeciach-miedzynarodowych\/"]}]},{"@type":"ImageObject","inLanguage":"pl-PL","@id":"https:\/\/dama-moe.de\/pl\/pl\/blog\/2025\/11\/06\/kultura-organizacyjna-i-wyzwania-w-przejeciach-miedzynarodowych\/#primaryimage","url":"https:\/\/dama-moe.de\/pl\/wp-content\/uploads\/sites\/3\/2025\/11\/ChatGPT-Image-5.-Nov.-2025-15_52_21.png","contentUrl":"https:\/\/dama-moe.de\/pl\/wp-content\/uploads\/sites\/3\/2025\/11\/ChatGPT-Image-5.-Nov.-2025-15_52_21.png","width":900,"height":600,"caption":"kultura organizacyjna po przej\u0119ciu lub fuzji firmy"},{"@type":"BreadcrumbList","@id":"https:\/\/dama-moe.de\/pl\/pl\/blog\/2025\/11\/06\/kultura-organizacyjna-i-wyzwania-w-przejeciach-miedzynarodowych\/#breadcrumb","itemListElement":[{"@type":"ListItem","position":1,"name":"Startseite","item":"https:\/\/dama-moe.de\/pl\/"},{"@type":"ListItem","position":2,"name":"Kultura organizacyjna &#8211; niewidoczny czynnik sukcesu w przej\u0119ciach firm"}]},{"@type":"WebSite","@id":"https:\/\/dama-moe.de\/pl\/#website","url":"https:\/\/dama-moe.de\/pl\/","name":"DARIA MAK-WALTHER","description":"Wspieramy Ci\u0119 w internacjonalizacji","publisher":{"@id":"https:\/\/dama-moe.de\/pl\/#organization"},"potentialAction":[{"@type":"SearchAction","target":{"@type":"EntryPoint","urlTemplate":"https:\/\/dama-moe.de\/pl\/?s={search_term_string}"},"query-input":{"@type":"PropertyValueSpecification","valueRequired":true,"valueName":"search_term_string"}}],"inLanguage":"pl-PL"},{"@type":"Organization","@id":"https:\/\/dama-moe.de\/pl\/#organization","name":"DARIA MAK-WALTHER","url":"https:\/\/dama-moe.de\/pl\/","logo":{"@type":"ImageObject","inLanguage":"pl-PL","@id":"https:\/\/dama-moe.de\/pl\/#\/schema\/logo\/image\/","url":"","contentUrl":"","caption":"DARIA MAK-WALTHER"},"image":{"@id":"https:\/\/dama-moe.de\/pl\/#\/schema\/logo\/image\/"}},{"@type":"Person","@id":"https:\/\/dama-moe.de\/pl\/#\/schema\/person\/bd8f870e0350212c0eb0681783b4bc52","name":"Daria Mak-Walther","sameAs":["http:\/\/dama-moe.de"],"url":"https:\/\/dama-moe.de\/pl\/blog\/author\/admin\/"}]}},"_links":{"self":[{"href":"https:\/\/dama-moe.de\/pl\/wp-json\/wp\/v2\/posts\/1138","targetHints":{"allow":["GET"]}}],"collection":[{"href":"https:\/\/dama-moe.de\/pl\/wp-json\/wp\/v2\/posts"}],"about":[{"href":"https:\/\/dama-moe.de\/pl\/wp-json\/wp\/v2\/types\/post"}],"author":[{"embeddable":true,"href":"https:\/\/dama-moe.de\/pl\/wp-json\/wp\/v2\/users\/1"}],"replies":[{"embeddable":true,"href":"https:\/\/dama-moe.de\/pl\/wp-json\/wp\/v2\/comments?post=1138"}],"version-history":[{"count":1,"href":"https:\/\/dama-moe.de\/pl\/wp-json\/wp\/v2\/posts\/1138\/revisions"}],"predecessor-version":[{"id":1139,"href":"https:\/\/dama-moe.de\/pl\/wp-json\/wp\/v2\/posts\/1138\/revisions\/1139"}],"wp:featuredmedia":[{"embeddable":true,"href":"https:\/\/dama-moe.de\/pl\/wp-json\/wp\/v2\/media\/1140"}],"wp:attachment":[{"href":"https:\/\/dama-moe.de\/pl\/wp-json\/wp\/v2\/media?parent=1138"}],"wp:term":[{"taxonomy":"category","embeddable":true,"href":"https:\/\/dama-moe.de\/pl\/wp-json\/wp\/v2\/categories?post=1138"},{"taxonomy":"post_tag","embeddable":true,"href":"https:\/\/dama-moe.de\/pl\/wp-json\/wp\/v2\/tags?post=1138"}],"curies":[{"name":"wp","href":"https:\/\/api.w.org\/{rel}","templated":true}]}}