{"id":1130,"date":"2025-10-21T15:32:43","date_gmt":"2025-10-21T13:32:43","guid":{"rendered":"https:\/\/dama-moe.de\/pl\/?p=1130"},"modified":"2026-04-07T12:18:39","modified_gmt":"2026-04-07T10:18:39","slug":"gmbh-na-stronie-www-uwazaj","status":"publish","type":"post","link":"https:\/\/dama-moe.de\/pl\/pl\/blog\/2025\/10\/21\/gmbh-na-stronie-www-uwazaj\/","title":{"rendered":"GmbH na stronie www"},"content":{"rendered":"\n<h2 class=\"wp-block-heading\">&#8222;GmbH&#8221; na stronie www firmy &#8211; czy ka\u017cdy mo\u017ce u\u017cy\u0107 tego dodatku?<\/h2>\n\n\n\n<p><\/p>\n\n\n\n<p>Par\u0119 dni temu pisa\u0142am o rzetelno\u015bci informacji dla niemieckich i zachodnich klient\u00f3w. Dzi\u015b przygl\u0105dam si\u0119 kolejnemu trendowi: coraz cz\u0119\u015bciej polskie firmy pokazuj\u0105 na swoich stronach www, \u017ce maj\u0105 przedstawicielstwo za granic\u0105 &#8211; <strong>w tym w Niemczech<\/strong> &#8211; i przy tym t\u0142umacz\u0105 sp. z o.o. na j\u0119zyk niemiecki jako \u201eGmbH\u201d. Brzmi dobrze. Na pierwszy rzut oka wygl\u0105da to profesjonalnie: niemiecki adres, niemiecka flaga, niemiecki skr\u00f3t. Ale w rzeczywisto\u015bci\u2026 to <strong>nielegalne i wprowadza w b\u0142\u0105d<\/strong>.<\/p>\n\n\n\n<p>\ud83d\udd0d Oto kilka kwestii, kt\u00f3re warto rozwa\u017cy\u0107:<br>\ud83c\udde9\ud83c\uddea Niemiecka forma prawna <strong>Gesellschaft mit beschr\u00e4nkter Haftung (GmbH)<\/strong> wymaga m.in. zarejestrowanej sp\u00f3\u0142ki z siedzib\u0105 w Niemczech, wpisu do niemieckiego rejestru handlowego (Handelsregister) oraz spe\u0142nienia konkretnych wymog\u00f3w kapita\u0142owych.<br>Firma z Polski nie mo\u017ce po prostu \u201eprzet\u0142umaczy\u0107\u201d swojej sp\u00f3\u0142ki z o.o. na GmbH, nawet je\u015bli ma tam przedstawiciela lub adres korespondencyjny.<\/p>\n\n\n\n<p>Takie dzia\u0142anie narusza niemieckie przepisy o uczciwej konkurencji i mo\u017ce skutkowa\u0107 konsekwencjami prawnymi \u2013 od upomnie\u0144 po post\u0119powania s\u0105dowe.<\/p>\n\n\n\n<p>&nbsp;\u2022 U\u017cycie dodatku \u201eGmbH\u201d przez firm\u0119 zagraniczn\u0105, kt\u00f3ra nie dzia\u0142a jako niemiecka GmbH, mo\u017ce by\u0107 <strong>myl\u0105ce dla klient\u00f3w<\/strong> i potencjalnie wi\u0105za\u0107 si\u0119 z ryzykiem prawnym.<br>\u2022 Alternatywy: Firma zagraniczna mo\u017ce za\u0142o\u017cy\u0107 w Niemczech <strong>oddzia\u0142<\/strong> lub utworzy\u0107 <strong>sp\u00f3\u0142k\u0119-zale\u017cn\u0105 <\/strong>\u2013 w\u00f3wczas warunki prawne s\u0105 jasno okre\u015blone.<\/p>\n\n\n\n<p>\ud83d\udca1 Transparentno\u015b\u0107 i zgodno\u015b\u0107 z prawem to podstawa budowania zaufania.<\/p>\n","protected":false},"excerpt":{"rendered":"<p>&#8222;GmbH&#8221; na stronie www firmy &#8211; czy ka\u017cdy mo\u017ce u\u017cy\u0107 tego dodatku? Par\u0119 dni temu pisa\u0142am o rzetelno\u015bci informacji dla niemieckich i zachodnich klient\u00f3w. Dzi\u015b przygl\u0105dam si\u0119 kolejnemu trendowi: coraz cz\u0119\u015bciej polskie firmy pokazuj\u0105 na swoich stronach www, \u017ce maj\u0105 przedstawicielstwo za granic\u0105 &#8211; w tym w Niemczech &#8211; i przy tym t\u0142umacz\u0105 sp. z&hellip;&nbsp;<a href=\"https:\/\/dama-moe.de\/pl\/pl\/blog\/2025\/10\/21\/gmbh-na-stronie-www-uwazaj\/\" rel=\"bookmark\">Dowiedz si\u0119 wi\u0119cej &raquo;<span class=\"screen-reader-text\">GmbH na stronie www<\/span><\/a><\/p>\n","protected":false},"author":1,"featured_media":1132,"comment_status":"closed","ping_status":"open","sticky":false,"template":"","format":"standard","meta":{"neve_meta_sidebar":"","neve_meta_container":"","neve_meta_enable_content_width":"","neve_meta_content_width":0,"neve_meta_title_alignment":"","neve_meta_author_avatar":"","neve_post_elements_order":"","neve_meta_disable_header":"","neve_meta_disable_footer":"","neve_meta_disable_title":"","footnotes":""},"categories":[110],"tags":[],"class_list":["post-1130","post","type-post","status-publish","format-standard","has-post-thumbnail","hentry","category-ekspansja-do-niemiec-rynek-dach"],"yoast_head":"<!-- This site is optimized with the Yoast SEO plugin v27.5 - https:\/\/yoast.com\/product\/yoast-seo-wordpress\/ -->\n<title>GmbH na stronie www - DARIA MAK-WALTHER<\/title>\n<meta name=\"description\" content=\"Uwa\u017caj, je\u017celi t\u0142umaczysz nazw\u0119 swojej sp\u00f3\u0142ki na niemiecki. Nie t\u0142umacz bezpo\u015brednio na GmbH, je\u017celi nie masz zarejestrowanej sp\u00f3\u0142ki w DE\" \/>\n<meta name=\"robots\" content=\"index, follow, max-snippet:-1, max-image-preview:large, max-video-preview:-1\" \/>\n<link rel=\"canonical\" href=\"https:\/\/dama-moe.de\/pl\/pl\/blog\/2025\/10\/21\/gmbh-na-stronie-www-uwazaj\/\" \/>\n<meta property=\"og:locale\" content=\"pl_PL\" \/>\n<meta property=\"og:type\" content=\"article\" \/>\n<meta property=\"og:title\" content=\"GmbH na stronie www - DARIA MAK-WALTHER\" \/>\n<meta property=\"og:description\" content=\"Uwa\u017caj, je\u017celi t\u0142umaczysz nazw\u0119 swojej sp\u00f3\u0142ki na niemiecki. Nie t\u0142umacz bezpo\u015brednio na GmbH, je\u017celi nie masz zarejestrowanej sp\u00f3\u0142ki w DE\" \/>\n<meta property=\"og:url\" content=\"https:\/\/dama-moe.de\/pl\/pl\/blog\/2025\/10\/21\/gmbh-na-stronie-www-uwazaj\/\" \/>\n<meta property=\"og:site_name\" content=\"DARIA MAK-WALTHER\" \/>\n<meta property=\"article:published_time\" content=\"2025-10-21T13:32:43+00:00\" \/>\n<meta property=\"article:modified_time\" content=\"2026-04-07T10:18:39+00:00\" \/>\n<meta property=\"og:image\" content=\"https:\/\/dama-moe.de\/pl\/wp-content\/uploads\/sites\/3\/2025\/10\/Sp.-z-o.o.-GmbH.jpg\" \/>\n\t<meta property=\"og:image:width\" content=\"1200\" \/>\n\t<meta property=\"og:image:height\" content=\"1200\" \/>\n\t<meta property=\"og:image:type\" content=\"image\/jpeg\" \/>\n<meta name=\"author\" content=\"Daria Mak-Walther\" \/>\n<meta name=\"twitter:card\" content=\"summary_large_image\" \/>\n<meta name=\"twitter:label1\" content=\"Napisane przez\" \/>\n\t<meta name=\"twitter:data1\" content=\"Daria Mak-Walther\" \/>\n\t<meta name=\"twitter:label2\" content=\"Szacowany czas czytania\" \/>\n\t<meta name=\"twitter:data2\" content=\"2 minuty\" \/>\n<script type=\"application\/ld+json\" class=\"yoast-schema-graph\">{\"@context\":\"https:\\\/\\\/schema.org\",\"@graph\":[{\"@type\":\"Article\",\"@id\":\"https:\\\/\\\/dama-moe.de\\\/pl\\\/pl\\\/blog\\\/2025\\\/10\\\/21\\\/gmbh-na-stronie-www-uwazaj\\\/#article\",\"isPartOf\":{\"@id\":\"https:\\\/\\\/dama-moe.de\\\/pl\\\/pl\\\/blog\\\/2025\\\/10\\\/21\\\/gmbh-na-stronie-www-uwazaj\\\/\"},\"author\":{\"name\":\"Daria Mak-Walther\",\"@id\":\"https:\\\/\\\/dama-moe.de\\\/pl\\\/#\\\/schema\\\/person\\\/bd8f870e0350212c0eb0681783b4bc52\"},\"headline\":\"GmbH na stronie www\",\"datePublished\":\"2025-10-21T13:32:43+00:00\",\"dateModified\":\"2026-04-07T10:18:39+00:00\",\"mainEntityOfPage\":{\"@id\":\"https:\\\/\\\/dama-moe.de\\\/pl\\\/pl\\\/blog\\\/2025\\\/10\\\/21\\\/gmbh-na-stronie-www-uwazaj\\\/\"},\"wordCount\":260,\"publisher\":{\"@id\":\"https:\\\/\\\/dama-moe.de\\\/pl\\\/#organization\"},\"image\":{\"@id\":\"https:\\\/\\\/dama-moe.de\\\/pl\\\/pl\\\/blog\\\/2025\\\/10\\\/21\\\/gmbh-na-stronie-www-uwazaj\\\/#primaryimage\"},\"thumbnailUrl\":\"https:\\\/\\\/dama-moe.de\\\/pl\\\/wp-content\\\/uploads\\\/sites\\\/3\\\/2025\\\/10\\\/Sp.-z-o.o.-GmbH.jpg\",\"articleSection\":[\"Ekspansja do Niemiec (rynek DACH)\"],\"inLanguage\":\"pl-PL\"},{\"@type\":\"WebPage\",\"@id\":\"https:\\\/\\\/dama-moe.de\\\/pl\\\/pl\\\/blog\\\/2025\\\/10\\\/21\\\/gmbh-na-stronie-www-uwazaj\\\/\",\"url\":\"https:\\\/\\\/dama-moe.de\\\/pl\\\/pl\\\/blog\\\/2025\\\/10\\\/21\\\/gmbh-na-stronie-www-uwazaj\\\/\",\"name\":\"GmbH na stronie www - DARIA MAK-WALTHER\",\"isPartOf\":{\"@id\":\"https:\\\/\\\/dama-moe.de\\\/pl\\\/#website\"},\"primaryImageOfPage\":{\"@id\":\"https:\\\/\\\/dama-moe.de\\\/pl\\\/pl\\\/blog\\\/2025\\\/10\\\/21\\\/gmbh-na-stronie-www-uwazaj\\\/#primaryimage\"},\"image\":{\"@id\":\"https:\\\/\\\/dama-moe.de\\\/pl\\\/pl\\\/blog\\\/2025\\\/10\\\/21\\\/gmbh-na-stronie-www-uwazaj\\\/#primaryimage\"},\"thumbnailUrl\":\"https:\\\/\\\/dama-moe.de\\\/pl\\\/wp-content\\\/uploads\\\/sites\\\/3\\\/2025\\\/10\\\/Sp.-z-o.o.-GmbH.jpg\",\"datePublished\":\"2025-10-21T13:32:43+00:00\",\"dateModified\":\"2026-04-07T10:18:39+00:00\",\"description\":\"Uwa\u017caj, je\u017celi t\u0142umaczysz nazw\u0119 swojej sp\u00f3\u0142ki na niemiecki. Nie t\u0142umacz bezpo\u015brednio na GmbH, je\u017celi nie masz zarejestrowanej sp\u00f3\u0142ki w DE\",\"breadcrumb\":{\"@id\":\"https:\\\/\\\/dama-moe.de\\\/pl\\\/pl\\\/blog\\\/2025\\\/10\\\/21\\\/gmbh-na-stronie-www-uwazaj\\\/#breadcrumb\"},\"inLanguage\":\"pl-PL\",\"potentialAction\":[{\"@type\":\"ReadAction\",\"target\":[\"https:\\\/\\\/dama-moe.de\\\/pl\\\/pl\\\/blog\\\/2025\\\/10\\\/21\\\/gmbh-na-stronie-www-uwazaj\\\/\"]}]},{\"@type\":\"ImageObject\",\"inLanguage\":\"pl-PL\",\"@id\":\"https:\\\/\\\/dama-moe.de\\\/pl\\\/pl\\\/blog\\\/2025\\\/10\\\/21\\\/gmbh-na-stronie-www-uwazaj\\\/#primaryimage\",\"url\":\"https:\\\/\\\/dama-moe.de\\\/pl\\\/wp-content\\\/uploads\\\/sites\\\/3\\\/2025\\\/10\\\/Sp.-z-o.o.-GmbH.jpg\",\"contentUrl\":\"https:\\\/\\\/dama-moe.de\\\/pl\\\/wp-content\\\/uploads\\\/sites\\\/3\\\/2025\\\/10\\\/Sp.-z-o.o.-GmbH.jpg\",\"width\":1200,\"height\":1200,\"caption\":\"dos\u0142owne t\u0142umaczenie sp. z o.o. na niemiecki GmbH bez rejestracji sp\u00f3\u0142ki w niemieckim Handelsregister jest niedozwolone\"},{\"@type\":\"BreadcrumbList\",\"@id\":\"https:\\\/\\\/dama-moe.de\\\/pl\\\/pl\\\/blog\\\/2025\\\/10\\\/21\\\/gmbh-na-stronie-www-uwazaj\\\/#breadcrumb\",\"itemListElement\":[{\"@type\":\"ListItem\",\"position\":1,\"name\":\"Startseite\",\"item\":\"https:\\\/\\\/dama-moe.de\\\/pl\\\/\"},{\"@type\":\"ListItem\",\"position\":2,\"name\":\"GmbH na stronie www\"}]},{\"@type\":\"WebSite\",\"@id\":\"https:\\\/\\\/dama-moe.de\\\/pl\\\/#website\",\"url\":\"https:\\\/\\\/dama-moe.de\\\/pl\\\/\",\"name\":\"DARIA MAK-WALTHER\",\"description\":\"Wspieramy Ci\u0119 w internacjonalizacji\",\"publisher\":{\"@id\":\"https:\\\/\\\/dama-moe.de\\\/pl\\\/#organization\"},\"potentialAction\":[{\"@type\":\"SearchAction\",\"target\":{\"@type\":\"EntryPoint\",\"urlTemplate\":\"https:\\\/\\\/dama-moe.de\\\/pl\\\/?s={search_term_string}\"},\"query-input\":{\"@type\":\"PropertyValueSpecification\",\"valueRequired\":true,\"valueName\":\"search_term_string\"}}],\"inLanguage\":\"pl-PL\"},{\"@type\":\"Organization\",\"@id\":\"https:\\\/\\\/dama-moe.de\\\/pl\\\/#organization\",\"name\":\"DARIA MAK-WALTHER\",\"url\":\"https:\\\/\\\/dama-moe.de\\\/pl\\\/\",\"logo\":{\"@type\":\"ImageObject\",\"inLanguage\":\"pl-PL\",\"@id\":\"https:\\\/\\\/dama-moe.de\\\/pl\\\/#\\\/schema\\\/logo\\\/image\\\/\",\"url\":\"\",\"contentUrl\":\"\",\"caption\":\"DARIA MAK-WALTHER\"},\"image\":{\"@id\":\"https:\\\/\\\/dama-moe.de\\\/pl\\\/#\\\/schema\\\/logo\\\/image\\\/\"}},{\"@type\":\"Person\",\"@id\":\"https:\\\/\\\/dama-moe.de\\\/pl\\\/#\\\/schema\\\/person\\\/bd8f870e0350212c0eb0681783b4bc52\",\"name\":\"Daria Mak-Walther\",\"sameAs\":[\"http:\\\/\\\/dama-moe.de\"],\"url\":\"https:\\\/\\\/dama-moe.de\\\/pl\\\/blog\\\/author\\\/admin\\\/\"}]}<\/script>\n<!-- \/ Yoast SEO plugin. -->","yoast_head_json":{"title":"GmbH na stronie www - DARIA MAK-WALTHER","description":"Uwa\u017caj, je\u017celi t\u0142umaczysz nazw\u0119 swojej sp\u00f3\u0142ki na niemiecki. Nie t\u0142umacz bezpo\u015brednio na GmbH, je\u017celi nie masz zarejestrowanej sp\u00f3\u0142ki w DE","robots":{"index":"index","follow":"follow","max-snippet":"max-snippet:-1","max-image-preview":"max-image-preview:large","max-video-preview":"max-video-preview:-1"},"canonical":"https:\/\/dama-moe.de\/pl\/pl\/blog\/2025\/10\/21\/gmbh-na-stronie-www-uwazaj\/","og_locale":"pl_PL","og_type":"article","og_title":"GmbH na stronie www - DARIA MAK-WALTHER","og_description":"Uwa\u017caj, je\u017celi t\u0142umaczysz nazw\u0119 swojej sp\u00f3\u0142ki na niemiecki. Nie t\u0142umacz bezpo\u015brednio na GmbH, je\u017celi nie masz zarejestrowanej sp\u00f3\u0142ki w DE","og_url":"https:\/\/dama-moe.de\/pl\/pl\/blog\/2025\/10\/21\/gmbh-na-stronie-www-uwazaj\/","og_site_name":"DARIA MAK-WALTHER","article_published_time":"2025-10-21T13:32:43+00:00","article_modified_time":"2026-04-07T10:18:39+00:00","og_image":[{"width":1200,"height":1200,"url":"https:\/\/dama-moe.de\/pl\/wp-content\/uploads\/sites\/3\/2025\/10\/Sp.-z-o.o.-GmbH.jpg","type":"image\/jpeg"}],"author":"Daria Mak-Walther","twitter_card":"summary_large_image","twitter_misc":{"Napisane przez":"Daria Mak-Walther","Szacowany czas czytania":"2 minuty"},"schema":{"@context":"https:\/\/schema.org","@graph":[{"@type":"Article","@id":"https:\/\/dama-moe.de\/pl\/pl\/blog\/2025\/10\/21\/gmbh-na-stronie-www-uwazaj\/#article","isPartOf":{"@id":"https:\/\/dama-moe.de\/pl\/pl\/blog\/2025\/10\/21\/gmbh-na-stronie-www-uwazaj\/"},"author":{"name":"Daria Mak-Walther","@id":"https:\/\/dama-moe.de\/pl\/#\/schema\/person\/bd8f870e0350212c0eb0681783b4bc52"},"headline":"GmbH na stronie www","datePublished":"2025-10-21T13:32:43+00:00","dateModified":"2026-04-07T10:18:39+00:00","mainEntityOfPage":{"@id":"https:\/\/dama-moe.de\/pl\/pl\/blog\/2025\/10\/21\/gmbh-na-stronie-www-uwazaj\/"},"wordCount":260,"publisher":{"@id":"https:\/\/dama-moe.de\/pl\/#organization"},"image":{"@id":"https:\/\/dama-moe.de\/pl\/pl\/blog\/2025\/10\/21\/gmbh-na-stronie-www-uwazaj\/#primaryimage"},"thumbnailUrl":"https:\/\/dama-moe.de\/pl\/wp-content\/uploads\/sites\/3\/2025\/10\/Sp.-z-o.o.-GmbH.jpg","articleSection":["Ekspansja do Niemiec (rynek DACH)"],"inLanguage":"pl-PL"},{"@type":"WebPage","@id":"https:\/\/dama-moe.de\/pl\/pl\/blog\/2025\/10\/21\/gmbh-na-stronie-www-uwazaj\/","url":"https:\/\/dama-moe.de\/pl\/pl\/blog\/2025\/10\/21\/gmbh-na-stronie-www-uwazaj\/","name":"GmbH na stronie www - DARIA MAK-WALTHER","isPartOf":{"@id":"https:\/\/dama-moe.de\/pl\/#website"},"primaryImageOfPage":{"@id":"https:\/\/dama-moe.de\/pl\/pl\/blog\/2025\/10\/21\/gmbh-na-stronie-www-uwazaj\/#primaryimage"},"image":{"@id":"https:\/\/dama-moe.de\/pl\/pl\/blog\/2025\/10\/21\/gmbh-na-stronie-www-uwazaj\/#primaryimage"},"thumbnailUrl":"https:\/\/dama-moe.de\/pl\/wp-content\/uploads\/sites\/3\/2025\/10\/Sp.-z-o.o.-GmbH.jpg","datePublished":"2025-10-21T13:32:43+00:00","dateModified":"2026-04-07T10:18:39+00:00","description":"Uwa\u017caj, je\u017celi t\u0142umaczysz nazw\u0119 swojej sp\u00f3\u0142ki na niemiecki. Nie t\u0142umacz bezpo\u015brednio na GmbH, je\u017celi nie masz zarejestrowanej sp\u00f3\u0142ki w DE","breadcrumb":{"@id":"https:\/\/dama-moe.de\/pl\/pl\/blog\/2025\/10\/21\/gmbh-na-stronie-www-uwazaj\/#breadcrumb"},"inLanguage":"pl-PL","potentialAction":[{"@type":"ReadAction","target":["https:\/\/dama-moe.de\/pl\/pl\/blog\/2025\/10\/21\/gmbh-na-stronie-www-uwazaj\/"]}]},{"@type":"ImageObject","inLanguage":"pl-PL","@id":"https:\/\/dama-moe.de\/pl\/pl\/blog\/2025\/10\/21\/gmbh-na-stronie-www-uwazaj\/#primaryimage","url":"https:\/\/dama-moe.de\/pl\/wp-content\/uploads\/sites\/3\/2025\/10\/Sp.-z-o.o.-GmbH.jpg","contentUrl":"https:\/\/dama-moe.de\/pl\/wp-content\/uploads\/sites\/3\/2025\/10\/Sp.-z-o.o.-GmbH.jpg","width":1200,"height":1200,"caption":"dos\u0142owne t\u0142umaczenie sp. z o.o. na niemiecki GmbH bez rejestracji sp\u00f3\u0142ki w niemieckim Handelsregister jest niedozwolone"},{"@type":"BreadcrumbList","@id":"https:\/\/dama-moe.de\/pl\/pl\/blog\/2025\/10\/21\/gmbh-na-stronie-www-uwazaj\/#breadcrumb","itemListElement":[{"@type":"ListItem","position":1,"name":"Startseite","item":"https:\/\/dama-moe.de\/pl\/"},{"@type":"ListItem","position":2,"name":"GmbH na stronie www"}]},{"@type":"WebSite","@id":"https:\/\/dama-moe.de\/pl\/#website","url":"https:\/\/dama-moe.de\/pl\/","name":"DARIA MAK-WALTHER","description":"Wspieramy Ci\u0119 w internacjonalizacji","publisher":{"@id":"https:\/\/dama-moe.de\/pl\/#organization"},"potentialAction":[{"@type":"SearchAction","target":{"@type":"EntryPoint","urlTemplate":"https:\/\/dama-moe.de\/pl\/?s={search_term_string}"},"query-input":{"@type":"PropertyValueSpecification","valueRequired":true,"valueName":"search_term_string"}}],"inLanguage":"pl-PL"},{"@type":"Organization","@id":"https:\/\/dama-moe.de\/pl\/#organization","name":"DARIA MAK-WALTHER","url":"https:\/\/dama-moe.de\/pl\/","logo":{"@type":"ImageObject","inLanguage":"pl-PL","@id":"https:\/\/dama-moe.de\/pl\/#\/schema\/logo\/image\/","url":"","contentUrl":"","caption":"DARIA MAK-WALTHER"},"image":{"@id":"https:\/\/dama-moe.de\/pl\/#\/schema\/logo\/image\/"}},{"@type":"Person","@id":"https:\/\/dama-moe.de\/pl\/#\/schema\/person\/bd8f870e0350212c0eb0681783b4bc52","name":"Daria Mak-Walther","sameAs":["http:\/\/dama-moe.de"],"url":"https:\/\/dama-moe.de\/pl\/blog\/author\/admin\/"}]}},"_links":{"self":[{"href":"https:\/\/dama-moe.de\/pl\/wp-json\/wp\/v2\/posts\/1130","targetHints":{"allow":["GET"]}}],"collection":[{"href":"https:\/\/dama-moe.de\/pl\/wp-json\/wp\/v2\/posts"}],"about":[{"href":"https:\/\/dama-moe.de\/pl\/wp-json\/wp\/v2\/types\/post"}],"author":[{"embeddable":true,"href":"https:\/\/dama-moe.de\/pl\/wp-json\/wp\/v2\/users\/1"}],"replies":[{"embeddable":true,"href":"https:\/\/dama-moe.de\/pl\/wp-json\/wp\/v2\/comments?post=1130"}],"version-history":[{"count":1,"href":"https:\/\/dama-moe.de\/pl\/wp-json\/wp\/v2\/posts\/1130\/revisions"}],"predecessor-version":[{"id":1131,"href":"https:\/\/dama-moe.de\/pl\/wp-json\/wp\/v2\/posts\/1130\/revisions\/1131"}],"wp:featuredmedia":[{"embeddable":true,"href":"https:\/\/dama-moe.de\/pl\/wp-json\/wp\/v2\/media\/1132"}],"wp:attachment":[{"href":"https:\/\/dama-moe.de\/pl\/wp-json\/wp\/v2\/media?parent=1130"}],"wp:term":[{"taxonomy":"category","embeddable":true,"href":"https:\/\/dama-moe.de\/pl\/wp-json\/wp\/v2\/categories?post=1130"},{"taxonomy":"post_tag","embeddable":true,"href":"https:\/\/dama-moe.de\/pl\/wp-json\/wp\/v2\/tags?post=1130"}],"curies":[{"name":"wp","href":"https:\/\/api.w.org\/{rel}","templated":true}]}}