{"id":1119,"date":"2025-07-21T15:42:43","date_gmt":"2025-07-21T13:42:43","guid":{"rendered":"https:\/\/dama-moe.de\/pl\/?p=1119"},"modified":"2026-04-07T12:20:30","modified_gmt":"2026-04-07T10:20:30","slug":"roznice-kulturowe-w-miedzynarodowych-negocjacjach","status":"publish","type":"post","link":"https:\/\/dama-moe.de\/pl\/pl\/blog\/2025\/07\/21\/roznice-kulturowe-w-miedzynarodowych-negocjacjach\/","title":{"rendered":"Czy w og\u00f3le istnieje co\u015b takiego jak \u201ekultura s\u0142owia\u0144ska\u201d"},"content":{"rendered":"\n<p>Z mojego do\u015bwiadczenia i w mojej opinii \u2013\u00a0<strong>nie<\/strong>.<br>Tak jak nie mo\u017cemy m\u00f3wi\u0107 o jednej \u201ekulturze zachodniej\u201d, tak samo trudno m\u00f3wi\u0107 o jednej \u201ekulturze s\u0142owia\u0144skiej\u201d czy \u201ewschodniej\u201d. Owszem, s\u0105 pewne podobie\u0144stwa mi\u0119dzy krajami danego regionu (np. Europy Wschodniej czy Zachodniej), ale\u00a0<strong>ka\u017cdy kraj wnosi swoj\u0105 histori\u0119, do\u015bwiadczenia i tradycje<\/strong>.<\/p>\n\n\n\n<p>Kilka dni temu w rozmowie z prezesem firmy logistycznej zapyta\u0142am, dlaczego polskie firmy tak rzadko szukaj\u0105 rozwi\u0105za\u0144 wewn\u0105trz swoich organizacji albo nie korzystaj\u0105 z do\u015bwiadcze\u0144 innych.<br>Dlaczego brakuje\u00a0<strong>efekt\u00f3w synergii i efektywno\u015bci<\/strong>, skoro od upadku podzia\u0142u Wsch\u00f3d-Zach\u00f3d min\u0119\u0142o ju\u017c 35 lat?Odpowied\u017a:\u00a0<em>\u201eBo taka jest s\u0142owia\u0144ska kultura\u201d<\/em>.<\/p>\n\n\n\n<p>A ja si\u0119 z tym nie zgadzam. Pozna\u0142am wiele kultur na Wsch\u00f3d od polsko-niemieckiej granicy i\u00a0<strong>nie ma jednej s\u0142owia\u0144skiej kultury<\/strong>.<\/p>\n\n\n\n<p>Cz\u0119sto obserwuj\u0119 to w pracy. Niemcy do negocjacji przygotowuj\u0105 si\u0119 bardzo skrupulatnie, skupiaj\u0105c si\u0119 na faktach i danych. W Polsce natomiast podkre\u015bla si\u0119 relacje, a przygotowanie merytoryczne bywa mniej szczeg\u00f3\u0142owe. Prowadzi to czasem do nieporozumie\u0144 i komentarzy w stylu: \u201eto nie by\u0142a negocjacja na r\u00f3wnych warunkach\u201d.<\/p>\n\n\n\n<p>Podobnie w Ukrainie, gdzie moje do\u015bwiadczenia pokaza\u0142y, \u017ce proces decyzyjny bywa silnie hierarchiczny. Na spotkaniach pojawiaj\u0105 si\u0119 r\u00f3\u017cne osoby, ale ostateczne decyzje zapadaj\u0105 cz\u0119sto poza sal\u0105 \u2013 trzeba skonsultowa\u0107 si\u0119 z kim\u015b, kto ma formaln\u0105 w\u0142adz\u0119, ale nie uczestniczy w rozmowach bezpo\u015brednio. Cz\u0119sto te\u017c brakuje konkretnej argumentacji \u2013 najpierw s\u0142ucha si\u0119 drugiej strony, by dopiero potem budowa\u0107 w\u0142asne stanowisko.<\/p>\n\n\n\n<p>Dzi\u015b rozmawia\u0142am z polskim przedsi\u0119biorc\u0105 zainteresowanym wej\u015bciem na rynek niemiecki. Zadzwoni\u0142 do mnie&#8230;\u00a0<strong>z samochodu, jad\u0105c do lekarza.<\/strong><br>Rozmawiali\u015bmy o internacjonalizacji firmy! W Niemczech taka rozmowa odby\u0142aby si\u0119 w ustalonym terminie, w skupieniu i z przygotowanymi pytaniami.\u00a0<strong>Na Bia\u0142orusi<\/strong>\u00a0podobne podej\u015bcie jest raczej rzadko\u015bci\u0105 \u2013 tam rozmowy s\u0105 formalne i wymagaj\u0105 wcze\u015bniejszego przygotowania.<\/p>\n\n\n\n<p>\u2705&nbsp;<strong>Dlatego nie wierz\u0119 w istnienie jednej \u201ekultury s\u0142owia\u0144skiej\u201d \u2013 r\u00f3\u017cnic jest zbyt wiele, nawet mi\u0119dzy s\u0105siadami.<\/strong><\/p>\n\n\n\n<p>W\u0142a\u015bnie dlatego w internacjonalizacji&nbsp;<strong>kluczowe jest zrozumienie tych r\u00f3\u017cnic kulturowych<\/strong>, by nie pope\u0142nia\u0107 kosztownych b\u0142\u0119d\u00f3w.<\/p>\n","protected":false},"excerpt":{"rendered":"<p>Z mojego do\u015bwiadczenia i w mojej opinii \u2013\u00a0nie.Tak jak nie mo\u017cemy m\u00f3wi\u0107 o jednej \u201ekulturze zachodniej\u201d, tak samo trudno m\u00f3wi\u0107 o jednej \u201ekulturze s\u0142owia\u0144skiej\u201d czy \u201ewschodniej\u201d. Owszem, s\u0105 pewne podobie\u0144stwa mi\u0119dzy krajami danego regionu (np. Europy Wschodniej czy Zachodniej), ale\u00a0ka\u017cdy kraj wnosi swoj\u0105 histori\u0119, do\u015bwiadczenia i tradycje. Kilka dni temu w rozmowie z prezesem firmy&hellip;&nbsp;<a href=\"https:\/\/dama-moe.de\/pl\/pl\/blog\/2025\/07\/21\/roznice-kulturowe-w-miedzynarodowych-negocjacjach\/\" rel=\"bookmark\">Dowiedz si\u0119 wi\u0119cej &raquo;<span class=\"screen-reader-text\">Czy w og\u00f3le istnieje co\u015b takiego jak \u201ekultura s\u0142owia\u0144ska\u201d<\/span><\/a><\/p>\n","protected":false},"author":1,"featured_media":1120,"comment_status":"closed","ping_status":"open","sticky":false,"template":"","format":"standard","meta":{"neve_meta_sidebar":"","neve_meta_container":"","neve_meta_enable_content_width":"","neve_meta_content_width":0,"neve_meta_title_alignment":"","neve_meta_author_avatar":"","neve_post_elements_order":"","neve_meta_disable_header":"","neve_meta_disable_footer":"","neve_meta_disable_title":"","footnotes":""},"categories":[114],"tags":[],"class_list":["post-1119","post","type-post","status-publish","format-standard","has-post-thumbnail","hentry","category-rozniece-kulturowe-w-biznesie"],"yoast_head":"<!-- This site is optimized with the Yoast SEO plugin v27.5 - https:\/\/yoast.com\/product\/yoast-seo-wordpress\/ -->\n<title>Czy w og\u00f3le istnieje co\u015b takiego jak \u201ekultura s\u0142owia\u0144ska\u201d - DARIA MAK-WALTHER<\/title>\n<meta name=\"robots\" content=\"index, follow, max-snippet:-1, max-image-preview:large, max-video-preview:-1\" \/>\n<link rel=\"canonical\" href=\"https:\/\/dama-moe.de\/pl\/pl\/blog\/2025\/07\/21\/roznice-kulturowe-w-miedzynarodowych-negocjacjach\/\" \/>\n<meta property=\"og:locale\" content=\"pl_PL\" \/>\n<meta property=\"og:type\" content=\"article\" \/>\n<meta property=\"og:title\" content=\"Czy w og\u00f3le istnieje co\u015b takiego jak \u201ekultura s\u0142owia\u0144ska\u201d - DARIA MAK-WALTHER\" \/>\n<meta property=\"og:description\" content=\"Z mojego do\u015bwiadczenia i w mojej opinii \u2013\u00a0nie.Tak jak nie mo\u017cemy m\u00f3wi\u0107 o jednej \u201ekulturze zachodniej\u201d, tak samo trudno m\u00f3wi\u0107 o jednej \u201ekulturze s\u0142owia\u0144skiej\u201d czy \u201ewschodniej\u201d. Owszem, s\u0105 pewne podobie\u0144stwa mi\u0119dzy krajami danego regionu (np. Europy Wschodniej czy Zachodniej), ale\u00a0ka\u017cdy kraj wnosi swoj\u0105 histori\u0119, do\u015bwiadczenia i tradycje. Kilka dni temu w rozmowie z prezesem firmy&hellip;&nbsp;Dowiedz si\u0119 wi\u0119cej &raquo;Czy w og\u00f3le istnieje co\u015b takiego jak \u201ekultura s\u0142owia\u0144ska\u201d\" \/>\n<meta property=\"og:url\" content=\"https:\/\/dama-moe.de\/pl\/pl\/blog\/2025\/07\/21\/roznice-kulturowe-w-miedzynarodowych-negocjacjach\/\" \/>\n<meta property=\"og:site_name\" content=\"DARIA MAK-WALTHER\" \/>\n<meta property=\"article:published_time\" content=\"2025-07-21T13:42:43+00:00\" \/>\n<meta property=\"article:modified_time\" content=\"2026-04-07T10:20:30+00:00\" \/>\n<meta property=\"og:image\" content=\"https:\/\/dama-moe.de\/pl\/wp-content\/uploads\/sites\/3\/2025\/07\/roznice-kulturowe.png\" \/>\n\t<meta property=\"og:image:width\" content=\"950\" \/>\n\t<meta property=\"og:image:height\" content=\"950\" \/>\n\t<meta property=\"og:image:type\" content=\"image\/png\" \/>\n<meta name=\"author\" content=\"Daria Mak-Walther\" \/>\n<meta name=\"twitter:card\" content=\"summary_large_image\" \/>\n<meta name=\"twitter:label1\" content=\"Napisane przez\" \/>\n\t<meta name=\"twitter:data1\" content=\"Daria Mak-Walther\" \/>\n\t<meta name=\"twitter:label2\" content=\"Szacowany czas czytania\" \/>\n\t<meta name=\"twitter:data2\" content=\"3 minuty\" \/>\n<script type=\"application\/ld+json\" class=\"yoast-schema-graph\">{\"@context\":\"https:\\\/\\\/schema.org\",\"@graph\":[{\"@type\":\"Article\",\"@id\":\"https:\\\/\\\/dama-moe.de\\\/pl\\\/pl\\\/blog\\\/2025\\\/07\\\/21\\\/roznice-kulturowe-w-miedzynarodowych-negocjacjach\\\/#article\",\"isPartOf\":{\"@id\":\"https:\\\/\\\/dama-moe.de\\\/pl\\\/pl\\\/blog\\\/2025\\\/07\\\/21\\\/roznice-kulturowe-w-miedzynarodowych-negocjacjach\\\/\"},\"author\":{\"name\":\"Daria Mak-Walther\",\"@id\":\"https:\\\/\\\/dama-moe.de\\\/pl\\\/#\\\/schema\\\/person\\\/bd8f870e0350212c0eb0681783b4bc52\"},\"headline\":\"Czy w og\u00f3le istnieje co\u015b takiego jak \u201ekultura s\u0142owia\u0144ska\u201d\",\"datePublished\":\"2025-07-21T13:42:43+00:00\",\"dateModified\":\"2026-04-07T10:20:30+00:00\",\"mainEntityOfPage\":{\"@id\":\"https:\\\/\\\/dama-moe.de\\\/pl\\\/pl\\\/blog\\\/2025\\\/07\\\/21\\\/roznice-kulturowe-w-miedzynarodowych-negocjacjach\\\/\"},\"wordCount\":377,\"publisher\":{\"@id\":\"https:\\\/\\\/dama-moe.de\\\/pl\\\/#organization\"},\"image\":{\"@id\":\"https:\\\/\\\/dama-moe.de\\\/pl\\\/pl\\\/blog\\\/2025\\\/07\\\/21\\\/roznice-kulturowe-w-miedzynarodowych-negocjacjach\\\/#primaryimage\"},\"thumbnailUrl\":\"https:\\\/\\\/dama-moe.de\\\/pl\\\/wp-content\\\/uploads\\\/sites\\\/3\\\/2025\\\/07\\\/roznice-kulturowe.png\",\"articleSection\":[\"R\u00f3\u017cnice kulturowe w biznesie\"],\"inLanguage\":\"pl-PL\"},{\"@type\":\"WebPage\",\"@id\":\"https:\\\/\\\/dama-moe.de\\\/pl\\\/pl\\\/blog\\\/2025\\\/07\\\/21\\\/roznice-kulturowe-w-miedzynarodowych-negocjacjach\\\/\",\"url\":\"https:\\\/\\\/dama-moe.de\\\/pl\\\/pl\\\/blog\\\/2025\\\/07\\\/21\\\/roznice-kulturowe-w-miedzynarodowych-negocjacjach\\\/\",\"name\":\"Czy w og\u00f3le istnieje co\u015b takiego jak \u201ekultura s\u0142owia\u0144ska\u201d - DARIA MAK-WALTHER\",\"isPartOf\":{\"@id\":\"https:\\\/\\\/dama-moe.de\\\/pl\\\/#website\"},\"primaryImageOfPage\":{\"@id\":\"https:\\\/\\\/dama-moe.de\\\/pl\\\/pl\\\/blog\\\/2025\\\/07\\\/21\\\/roznice-kulturowe-w-miedzynarodowych-negocjacjach\\\/#primaryimage\"},\"image\":{\"@id\":\"https:\\\/\\\/dama-moe.de\\\/pl\\\/pl\\\/blog\\\/2025\\\/07\\\/21\\\/roznice-kulturowe-w-miedzynarodowych-negocjacjach\\\/#primaryimage\"},\"thumbnailUrl\":\"https:\\\/\\\/dama-moe.de\\\/pl\\\/wp-content\\\/uploads\\\/sites\\\/3\\\/2025\\\/07\\\/roznice-kulturowe.png\",\"datePublished\":\"2025-07-21T13:42:43+00:00\",\"dateModified\":\"2026-04-07T10:20:30+00:00\",\"breadcrumb\":{\"@id\":\"https:\\\/\\\/dama-moe.de\\\/pl\\\/pl\\\/blog\\\/2025\\\/07\\\/21\\\/roznice-kulturowe-w-miedzynarodowych-negocjacjach\\\/#breadcrumb\"},\"inLanguage\":\"pl-PL\",\"potentialAction\":[{\"@type\":\"ReadAction\",\"target\":[\"https:\\\/\\\/dama-moe.de\\\/pl\\\/pl\\\/blog\\\/2025\\\/07\\\/21\\\/roznice-kulturowe-w-miedzynarodowych-negocjacjach\\\/\"]}]},{\"@type\":\"ImageObject\",\"inLanguage\":\"pl-PL\",\"@id\":\"https:\\\/\\\/dama-moe.de\\\/pl\\\/pl\\\/blog\\\/2025\\\/07\\\/21\\\/roznice-kulturowe-w-miedzynarodowych-negocjacjach\\\/#primaryimage\",\"url\":\"https:\\\/\\\/dama-moe.de\\\/pl\\\/wp-content\\\/uploads\\\/sites\\\/3\\\/2025\\\/07\\\/roznice-kulturowe.png\",\"contentUrl\":\"https:\\\/\\\/dama-moe.de\\\/pl\\\/wp-content\\\/uploads\\\/sites\\\/3\\\/2025\\\/07\\\/roznice-kulturowe.png\",\"width\":950,\"height\":950,\"caption\":\"negocjacje i r\u00f3\u017cnice kulturowe\"},{\"@type\":\"BreadcrumbList\",\"@id\":\"https:\\\/\\\/dama-moe.de\\\/pl\\\/pl\\\/blog\\\/2025\\\/07\\\/21\\\/roznice-kulturowe-w-miedzynarodowych-negocjacjach\\\/#breadcrumb\",\"itemListElement\":[{\"@type\":\"ListItem\",\"position\":1,\"name\":\"Startseite\",\"item\":\"https:\\\/\\\/dama-moe.de\\\/pl\\\/\"},{\"@type\":\"ListItem\",\"position\":2,\"name\":\"Czy w og\u00f3le istnieje co\u015b takiego jak \u201ekultura s\u0142owia\u0144ska\u201d\"}]},{\"@type\":\"WebSite\",\"@id\":\"https:\\\/\\\/dama-moe.de\\\/pl\\\/#website\",\"url\":\"https:\\\/\\\/dama-moe.de\\\/pl\\\/\",\"name\":\"DARIA MAK-WALTHER\",\"description\":\"Wspieramy Ci\u0119 w internacjonalizacji\",\"publisher\":{\"@id\":\"https:\\\/\\\/dama-moe.de\\\/pl\\\/#organization\"},\"potentialAction\":[{\"@type\":\"SearchAction\",\"target\":{\"@type\":\"EntryPoint\",\"urlTemplate\":\"https:\\\/\\\/dama-moe.de\\\/pl\\\/?s={search_term_string}\"},\"query-input\":{\"@type\":\"PropertyValueSpecification\",\"valueRequired\":true,\"valueName\":\"search_term_string\"}}],\"inLanguage\":\"pl-PL\"},{\"@type\":\"Organization\",\"@id\":\"https:\\\/\\\/dama-moe.de\\\/pl\\\/#organization\",\"name\":\"DARIA MAK-WALTHER\",\"url\":\"https:\\\/\\\/dama-moe.de\\\/pl\\\/\",\"logo\":{\"@type\":\"ImageObject\",\"inLanguage\":\"pl-PL\",\"@id\":\"https:\\\/\\\/dama-moe.de\\\/pl\\\/#\\\/schema\\\/logo\\\/image\\\/\",\"url\":\"\",\"contentUrl\":\"\",\"caption\":\"DARIA MAK-WALTHER\"},\"image\":{\"@id\":\"https:\\\/\\\/dama-moe.de\\\/pl\\\/#\\\/schema\\\/logo\\\/image\\\/\"}},{\"@type\":\"Person\",\"@id\":\"https:\\\/\\\/dama-moe.de\\\/pl\\\/#\\\/schema\\\/person\\\/bd8f870e0350212c0eb0681783b4bc52\",\"name\":\"Daria Mak-Walther\",\"sameAs\":[\"http:\\\/\\\/dama-moe.de\"],\"url\":\"https:\\\/\\\/dama-moe.de\\\/pl\\\/blog\\\/author\\\/admin\\\/\"}]}<\/script>\n<!-- \/ Yoast SEO plugin. -->","yoast_head_json":{"title":"Czy w og\u00f3le istnieje co\u015b takiego jak \u201ekultura s\u0142owia\u0144ska\u201d - DARIA MAK-WALTHER","robots":{"index":"index","follow":"follow","max-snippet":"max-snippet:-1","max-image-preview":"max-image-preview:large","max-video-preview":"max-video-preview:-1"},"canonical":"https:\/\/dama-moe.de\/pl\/pl\/blog\/2025\/07\/21\/roznice-kulturowe-w-miedzynarodowych-negocjacjach\/","og_locale":"pl_PL","og_type":"article","og_title":"Czy w og\u00f3le istnieje co\u015b takiego jak \u201ekultura s\u0142owia\u0144ska\u201d - DARIA MAK-WALTHER","og_description":"Z mojego do\u015bwiadczenia i w mojej opinii \u2013\u00a0nie.Tak jak nie mo\u017cemy m\u00f3wi\u0107 o jednej \u201ekulturze zachodniej\u201d, tak samo trudno m\u00f3wi\u0107 o jednej \u201ekulturze s\u0142owia\u0144skiej\u201d czy \u201ewschodniej\u201d. Owszem, s\u0105 pewne podobie\u0144stwa mi\u0119dzy krajami danego regionu (np. Europy Wschodniej czy Zachodniej), ale\u00a0ka\u017cdy kraj wnosi swoj\u0105 histori\u0119, do\u015bwiadczenia i tradycje. Kilka dni temu w rozmowie z prezesem firmy&hellip;&nbsp;Dowiedz si\u0119 wi\u0119cej &raquo;Czy w og\u00f3le istnieje co\u015b takiego jak \u201ekultura s\u0142owia\u0144ska\u201d","og_url":"https:\/\/dama-moe.de\/pl\/pl\/blog\/2025\/07\/21\/roznice-kulturowe-w-miedzynarodowych-negocjacjach\/","og_site_name":"DARIA MAK-WALTHER","article_published_time":"2025-07-21T13:42:43+00:00","article_modified_time":"2026-04-07T10:20:30+00:00","og_image":[{"width":950,"height":950,"url":"https:\/\/dama-moe.de\/pl\/wp-content\/uploads\/sites\/3\/2025\/07\/roznice-kulturowe.png","type":"image\/png"}],"author":"Daria Mak-Walther","twitter_card":"summary_large_image","twitter_misc":{"Napisane przez":"Daria Mak-Walther","Szacowany czas czytania":"3 minuty"},"schema":{"@context":"https:\/\/schema.org","@graph":[{"@type":"Article","@id":"https:\/\/dama-moe.de\/pl\/pl\/blog\/2025\/07\/21\/roznice-kulturowe-w-miedzynarodowych-negocjacjach\/#article","isPartOf":{"@id":"https:\/\/dama-moe.de\/pl\/pl\/blog\/2025\/07\/21\/roznice-kulturowe-w-miedzynarodowych-negocjacjach\/"},"author":{"name":"Daria Mak-Walther","@id":"https:\/\/dama-moe.de\/pl\/#\/schema\/person\/bd8f870e0350212c0eb0681783b4bc52"},"headline":"Czy w og\u00f3le istnieje co\u015b takiego jak \u201ekultura s\u0142owia\u0144ska\u201d","datePublished":"2025-07-21T13:42:43+00:00","dateModified":"2026-04-07T10:20:30+00:00","mainEntityOfPage":{"@id":"https:\/\/dama-moe.de\/pl\/pl\/blog\/2025\/07\/21\/roznice-kulturowe-w-miedzynarodowych-negocjacjach\/"},"wordCount":377,"publisher":{"@id":"https:\/\/dama-moe.de\/pl\/#organization"},"image":{"@id":"https:\/\/dama-moe.de\/pl\/pl\/blog\/2025\/07\/21\/roznice-kulturowe-w-miedzynarodowych-negocjacjach\/#primaryimage"},"thumbnailUrl":"https:\/\/dama-moe.de\/pl\/wp-content\/uploads\/sites\/3\/2025\/07\/roznice-kulturowe.png","articleSection":["R\u00f3\u017cnice kulturowe w biznesie"],"inLanguage":"pl-PL"},{"@type":"WebPage","@id":"https:\/\/dama-moe.de\/pl\/pl\/blog\/2025\/07\/21\/roznice-kulturowe-w-miedzynarodowych-negocjacjach\/","url":"https:\/\/dama-moe.de\/pl\/pl\/blog\/2025\/07\/21\/roznice-kulturowe-w-miedzynarodowych-negocjacjach\/","name":"Czy w og\u00f3le istnieje co\u015b takiego jak \u201ekultura s\u0142owia\u0144ska\u201d - DARIA MAK-WALTHER","isPartOf":{"@id":"https:\/\/dama-moe.de\/pl\/#website"},"primaryImageOfPage":{"@id":"https:\/\/dama-moe.de\/pl\/pl\/blog\/2025\/07\/21\/roznice-kulturowe-w-miedzynarodowych-negocjacjach\/#primaryimage"},"image":{"@id":"https:\/\/dama-moe.de\/pl\/pl\/blog\/2025\/07\/21\/roznice-kulturowe-w-miedzynarodowych-negocjacjach\/#primaryimage"},"thumbnailUrl":"https:\/\/dama-moe.de\/pl\/wp-content\/uploads\/sites\/3\/2025\/07\/roznice-kulturowe.png","datePublished":"2025-07-21T13:42:43+00:00","dateModified":"2026-04-07T10:20:30+00:00","breadcrumb":{"@id":"https:\/\/dama-moe.de\/pl\/pl\/blog\/2025\/07\/21\/roznice-kulturowe-w-miedzynarodowych-negocjacjach\/#breadcrumb"},"inLanguage":"pl-PL","potentialAction":[{"@type":"ReadAction","target":["https:\/\/dama-moe.de\/pl\/pl\/blog\/2025\/07\/21\/roznice-kulturowe-w-miedzynarodowych-negocjacjach\/"]}]},{"@type":"ImageObject","inLanguage":"pl-PL","@id":"https:\/\/dama-moe.de\/pl\/pl\/blog\/2025\/07\/21\/roznice-kulturowe-w-miedzynarodowych-negocjacjach\/#primaryimage","url":"https:\/\/dama-moe.de\/pl\/wp-content\/uploads\/sites\/3\/2025\/07\/roznice-kulturowe.png","contentUrl":"https:\/\/dama-moe.de\/pl\/wp-content\/uploads\/sites\/3\/2025\/07\/roznice-kulturowe.png","width":950,"height":950,"caption":"negocjacje i r\u00f3\u017cnice kulturowe"},{"@type":"BreadcrumbList","@id":"https:\/\/dama-moe.de\/pl\/pl\/blog\/2025\/07\/21\/roznice-kulturowe-w-miedzynarodowych-negocjacjach\/#breadcrumb","itemListElement":[{"@type":"ListItem","position":1,"name":"Startseite","item":"https:\/\/dama-moe.de\/pl\/"},{"@type":"ListItem","position":2,"name":"Czy w og\u00f3le istnieje co\u015b takiego jak \u201ekultura s\u0142owia\u0144ska\u201d"}]},{"@type":"WebSite","@id":"https:\/\/dama-moe.de\/pl\/#website","url":"https:\/\/dama-moe.de\/pl\/","name":"DARIA MAK-WALTHER","description":"Wspieramy Ci\u0119 w internacjonalizacji","publisher":{"@id":"https:\/\/dama-moe.de\/pl\/#organization"},"potentialAction":[{"@type":"SearchAction","target":{"@type":"EntryPoint","urlTemplate":"https:\/\/dama-moe.de\/pl\/?s={search_term_string}"},"query-input":{"@type":"PropertyValueSpecification","valueRequired":true,"valueName":"search_term_string"}}],"inLanguage":"pl-PL"},{"@type":"Organization","@id":"https:\/\/dama-moe.de\/pl\/#organization","name":"DARIA MAK-WALTHER","url":"https:\/\/dama-moe.de\/pl\/","logo":{"@type":"ImageObject","inLanguage":"pl-PL","@id":"https:\/\/dama-moe.de\/pl\/#\/schema\/logo\/image\/","url":"","contentUrl":"","caption":"DARIA MAK-WALTHER"},"image":{"@id":"https:\/\/dama-moe.de\/pl\/#\/schema\/logo\/image\/"}},{"@type":"Person","@id":"https:\/\/dama-moe.de\/pl\/#\/schema\/person\/bd8f870e0350212c0eb0681783b4bc52","name":"Daria Mak-Walther","sameAs":["http:\/\/dama-moe.de"],"url":"https:\/\/dama-moe.de\/pl\/blog\/author\/admin\/"}]}},"_links":{"self":[{"href":"https:\/\/dama-moe.de\/pl\/wp-json\/wp\/v2\/posts\/1119","targetHints":{"allow":["GET"]}}],"collection":[{"href":"https:\/\/dama-moe.de\/pl\/wp-json\/wp\/v2\/posts"}],"about":[{"href":"https:\/\/dama-moe.de\/pl\/wp-json\/wp\/v2\/types\/post"}],"author":[{"embeddable":true,"href":"https:\/\/dama-moe.de\/pl\/wp-json\/wp\/v2\/users\/1"}],"replies":[{"embeddable":true,"href":"https:\/\/dama-moe.de\/pl\/wp-json\/wp\/v2\/comments?post=1119"}],"version-history":[{"count":1,"href":"https:\/\/dama-moe.de\/pl\/wp-json\/wp\/v2\/posts\/1119\/revisions"}],"predecessor-version":[{"id":1121,"href":"https:\/\/dama-moe.de\/pl\/wp-json\/wp\/v2\/posts\/1119\/revisions\/1121"}],"wp:featuredmedia":[{"embeddable":true,"href":"https:\/\/dama-moe.de\/pl\/wp-json\/wp\/v2\/media\/1120"}],"wp:attachment":[{"href":"https:\/\/dama-moe.de\/pl\/wp-json\/wp\/v2\/media?parent=1119"}],"wp:term":[{"taxonomy":"category","embeddable":true,"href":"https:\/\/dama-moe.de\/pl\/wp-json\/wp\/v2\/categories?post=1119"},{"taxonomy":"post_tag","embeddable":true,"href":"https:\/\/dama-moe.de\/pl\/wp-json\/wp\/v2\/tags?post=1119"}],"curies":[{"name":"wp","href":"https:\/\/api.w.org\/{rel}","templated":true}]}}