{"id":1043,"date":"2025-02-03T11:59:04","date_gmt":"2025-02-03T10:59:04","guid":{"rendered":"https:\/\/dama-moe.de\/pl\/?p=1043"},"modified":"2026-04-07T12:22:40","modified_gmt":"2026-04-07T10:22:40","slug":"rynek-budowlany-w-niemczech-i-dama-moe","status":"publish","type":"post","link":"https:\/\/dama-moe.de\/pl\/pl\/blog\/2025\/02\/03\/rynek-budowlany-w-niemczech-i-dama-moe\/","title":{"rendered":"Rynek budowlany w Niemczech"},"content":{"rendered":"\n<p id=\"ember697\"><strong>W<\/strong> ostatnich latach niemieckie rozporz\u0105dzenie w sprawie substancji niebezpiecznych (GefStoffV) by\u0142o kilkakrotnie dostosowywane w celu dalszego wzmocnienia ochrony zdrowia i bezpiecze\u0144stwa pracownik\u00f3w podczas obchodzenia si\u0119 z substancjami niebezpiecznymi oraz w celu wdro\u017cenia wymog\u00f3w europejskich. Pracodawcy s\u0105 teraz zobowi\u0105zani do podj\u0119cia jeszcze bardziej rygorystycznych \u015brodk\u00f3w ochronnych. Istniej\u0105 dodatkowe wymagania dotycz\u0105ce oceny ryzyka, szczeg\u00f3lnie w przypadku substancji rakotw\u00f3rczych, mutagennych i dzia\u0142aj\u0105cych szkodliwie na rozrodczo\u015b\u0107.<\/p>\n\n\n\n<p id=\"ember698\">Azbest znajduje si\u0119 w centrum zmian w GefStoffV, poniewa\u017c udowodniono, \u017ce jest on rakotw\u00f3rczy i stwarza zagro\u017cenie dla zdrowia nawet przy niskim poziomie nara\u017cenia<\/p>\n\n\n\n<p id=\"ember699\">Rada Federalna Niemiec zatwierdzi\u0142a w pa\u017adzierniku 2024 r. zmian\u0119 w tym rozporz\u0105dzeniu. Wzmocnienie odpowiedzialno\u015bci w\u0142a\u015bcicieli budynk\u00f3w w poszukiwaniu substancji niebezpiecznych, czego domaga\u0142y si\u0119 stowarzyszenia rzemie\u015blnicze i budowlane, nie otrzyma\u0142o wi\u0119kszo\u015bci g\u0142os\u00f3w.<\/p>\n\n\n\n<p id=\"ember700\">Zgodnie z tym w przysz\u0142o\u015bci w\u0142a\u015bciciele budynk\u00f3w chc\u0105cy przeprowadzi\u0107 remont b\u0119d\u0105 zobowi\u0105zani do przekazania wszelkich posiadanych informacji na temat historii budowy lub u\u017cytkowania, je\u017celi chodzi o ewentualne substancje niebezpieczne. Je\u017celi jednak nie ma informacji o azbe\u015bcie dotycz\u0105cej (wcze\u015bniejszej) budowy lub remontu budynku, w\u0142a\u015bciciel budynku nie powinien by\u0107 zobowi\u0105zany do przeprowadzenia odpowiednich bada\u0144.<\/p>\n\n\n\n<p id=\"ember701\">Bran\u017ca budowlana zareagowa\u0142a z rozczarowaniem, poniewa\u017c zgodnie z nowym rozporz\u0105dzeniem firmy budowlane maj\u0105 nast\u0119puj\u0105cy obowi\u0105zek: rozpoczynaj\u0105c remont, same musz\u0105 sprawdzi\u0107 budynek pod k\u0105tem obecno\u015bci azbestu. Je\u015bli w renowacj\u0119 zaanga\u017cowanych jest kilka bran\u017c, ka\u017cda firma musi zleci\u0107 w\u0142asn\u0105 kontrol\u0119 swojego obszaru.<\/p>\n\n\n\n<p id=\"ember702\">W Niemczech od 1993 roku obowi\u0105zuje zakaz produkcji, wprowadzania do obrotu azbestu i materia\u0142\u00f3w zawieraj\u0105cych azbest zgodnie z rozporz\u0105dzeniem w sprawie substancji niebezpiecznych. W latach 1994-1996 istnia\u0142y r\u00f3\u017cne okresy przej\u015bciowe dotycz\u0105ce zakaz\u00f3w stosowania azbestu, tak \u017ce w\u0142a\u015bciwo\u015bci wolne od azbestu mo\u017cna zak\u0142ada\u0107 dopiero od 1996 r. Zakaz ten obowi\u0105zuje r\u00f3wnie\u017c na poziomie europejskim od 2005 roku. W przypadku czynno\u015bci, podczas kt\u00f3rych pracownicy mog\u0105 by\u0107 nara\u017ceni na dzia\u0142anie azbestu (prace rozbi\u00f3rkowe i remontowe, prze\u0142adunek surowc\u00f3w mineralnych), nale\u017cy zastosowa\u0107 \u015brodki o najwy\u017cszym stopniu ochrony zgodnie z rozporz\u0105dzeniem w sprawie substancji niebezpiecznych.<\/p>\n\n\n\n<p id=\"ember703\">Uwzgl\u0119dnia si\u0119 prace z azbestem, kt\u00f3ry mo\u017ce jeszcze w znacznym stopniu wyst\u0105pi\u0107 w trakcie remontu lub sanacji starych budynk\u00f3w. Pomimo krajowego zakazu stosowania azbestu, kt\u00f3ry wszed\u0142 w \u017cycie 31 pa\u017adziernika 1993, instytucje ubezpiecze\u0144 wypadkowych w dalszym ci\u0105gu odnotowuj\u0105 du\u017c\u0105 liczb\u0119 chor\u00f3b zawodowych i zgon\u00f3w zwi\u0105zanych z azbestem. W ostatniej dekadzie odnotowano ponad 30.000 potwierdze\u0144 chor\u00f3b wywo\u0142anych azbestem i ponad 16.000 zgon\u00f3w<\/p>\n\n\n\n<p id=\"ember704\">Szacuje si\u0119, \u017ce w Niemczech umiera ok. 1500 os\u00f3b na choroby zwi\u0105zane z azbestem, wielu po\u015br\u00f3d nich jest rzemie\u015blnik\u00f3w, ale jeszcze cz\u0119\u015bciej to w\u0142a\u015bciciele budynk\u00f3w, kt\u00f3rzy sami przeprowadzaj\u0105 remont. Tutaj m\u00f3wimy tylko o tych, kt\u00f3re zosta\u0142y uznane za chorob\u0119 zawodow\u0105. Oznacza to, \u017ce liczba niezg\u0142oszonych przypadk\u00f3w jest wielokrotnie wi\u0119ksza i szacuje si\u0119 j\u0105 na ok. 15 tysi\u0119cy<\/p>\n\n\n\n<p id=\"ember705\">Azbest znajduje si\u0119 nie tylko w p\u0142ytkach eternitowych, ale tak\u017ce w szpachl\u00f3wkach okiennych, klejach do p\u0142ytek i dywan\u00f3w, rurach, tynku i jastrychu.<\/p>\n\n\n\n<p id=\"ember706\">Co roku w UE umiera 70.000 os\u00f3b na choroby spowodowane azbestem (azbestoza, nowotwory) (<a href=\"http:\/\/osha.europe.eu\/\">osha.europe.eu<\/a>).<\/p>\n\n\n\n<p id=\"ember707\">Ma\u0142o wiadomo, \u017ce liczby te nie spadaj\u0105 od lat, jak wielu oczekiwa\u0142o po wprowadzeniu zakazu w latach 90. XX wieku. Liczby te wci\u0105\u017c rosn\u0105 i w najbli\u017cszej perspektywie nie nale\u017cy spodziewa\u0107 si\u0119 odwrotnego rozwoju sytuacji.<\/p>\n\n\n\n<p id=\"ember708\">Niemniej jednak azbest pozostaje tematem szeroko dyskutowanym, poniewa\u017c powa\u017cne choroby zawodowe spowodowane azbestem cz\u0119sto ujawniaj\u0105 si\u0119 dopiero po bardzo d\u0142ugim czasie. Obecnie nadal istnieje ryzyko nara\u017cenia na py\u0142 azbestowy, g\u0142\u00f3wnie podczas prac rozbi\u00f3rkowych i remontowych.<\/p>\n\n\n\n<p id=\"ember709\"><strong>Podsumowuj\u0105c:<\/strong> W przysz\u0142o\u015bci w\u0142a\u015bciciele budynk\u00f3w \/ zleceniodawcy b\u0119d\u0105 musieli jedynie informowa\u0107 przedsi\u0119biorstwa rzemie\u015blnicze, w kt\u00f3rym roku zosta\u0142 ich dom wybudowany, oraz wszelkie inne dost\u0119pne informacje \u2013 rzemie\u015blnicy powinni wtedy wykorzysta\u0107 swoj\u0105 specjalistyczn\u0105 wiedz\u0119 do oceny, czy w budynku mo\u017cliwe by\u0142o zastosowanie materia\u0142\u00f3w budowlanych zawieraj\u0105ce azbest.<\/p>\n\n\n\n<p id=\"ember710\">Nowelizacja rozporz\u0105dzenia w sprawie substancji niebezpiecznych stanowi wyzwanie dla (r\u00f3wnie\u017c zagranicznych) firm, poniewa\u017c niesie ze sob\u0105 wiele nowych wymaga\u0144, kt\u00f3re cz\u0119sto wymagaj\u0105 skomplikowanych dostosowa\u0144.<\/p>\n\n\n\n<p id=\"ember711\"><em>\u00a9 Daria Mak-Walther \/ DAMA Project Management Central and Eastern Europe<\/em><\/p>\n\n\n\n<p>Zdj\u0119cie wygenerowane przez AI<\/p>\n","protected":false},"excerpt":{"rendered":"<p>W ostatnich latach niemieckie rozporz\u0105dzenie w sprawie substancji niebezpiecznych (GefStoffV) by\u0142o kilkakrotnie dostosowywane w celu dalszego wzmocnienia ochrony zdrowia i bezpiecze\u0144stwa pracownik\u00f3w podczas obchodzenia si\u0119 z substancjami niebezpiecznymi oraz w celu wdro\u017cenia wymog\u00f3w europejskich. Pracodawcy s\u0105 teraz zobowi\u0105zani do podj\u0119cia jeszcze bardziej rygorystycznych \u015brodk\u00f3w ochronnych. Istniej\u0105 dodatkowe wymagania dotycz\u0105ce oceny ryzyka, szczeg\u00f3lnie w przypadku substancji&hellip;&nbsp;<a href=\"https:\/\/dama-moe.de\/pl\/pl\/blog\/2025\/02\/03\/rynek-budowlany-w-niemczech-i-dama-moe\/\" rel=\"bookmark\">Dowiedz si\u0119 wi\u0119cej &raquo;<span class=\"screen-reader-text\">Rynek budowlany w Niemczech<\/span><\/a><\/p>\n","protected":false},"author":1,"featured_media":1039,"comment_status":"closed","ping_status":"open","sticky":false,"template":"","format":"standard","meta":{"neve_meta_sidebar":"","neve_meta_container":"","neve_meta_enable_content_width":"","neve_meta_content_width":0,"neve_meta_title_alignment":"","neve_meta_author_avatar":"","neve_post_elements_order":"","neve_meta_disable_header":"","neve_meta_disable_footer":"","neve_meta_disable_title":"","footnotes":""},"categories":[110],"tags":[],"class_list":["post-1043","post","type-post","status-publish","format-standard","has-post-thumbnail","hentry","category-ekspansja-do-niemiec-rynek-dach"],"yoast_head":"<!-- This site is optimized with the Yoast SEO plugin v27.5 - https:\/\/yoast.com\/product\/yoast-seo-wordpress\/ -->\n<title>Rynek budowlany w Niemczech - DARIA MAK-WALTHER<\/title>\n<meta name=\"description\" content=\"Niemiecki rynek budowlany jest szczeg\u00f3lnie chroniony przez ustawodawstwo. Aby m\u00f3c si\u0119 na nim porusza\u0107 z sukcesem, trzeba zna\u0107 wiele regu\u0142.\" \/>\n<meta name=\"robots\" content=\"index, follow, max-snippet:-1, max-image-preview:large, max-video-preview:-1\" \/>\n<link rel=\"canonical\" href=\"https:\/\/dama-moe.de\/pl\/pl\/blog\/2025\/02\/03\/rynek-budowlany-w-niemczech-i-dama-moe\/\" \/>\n<meta property=\"og:locale\" content=\"pl_PL\" \/>\n<meta property=\"og:type\" content=\"article\" \/>\n<meta property=\"og:title\" content=\"Rynek budowlany w Niemczech - DARIA MAK-WALTHER\" \/>\n<meta property=\"og:description\" content=\"Niemiecki rynek budowlany jest szczeg\u00f3lnie chroniony przez ustawodawstwo. Aby m\u00f3c si\u0119 na nim porusza\u0107 z sukcesem, trzeba zna\u0107 wiele regu\u0142.\" \/>\n<meta property=\"og:url\" content=\"https:\/\/dama-moe.de\/pl\/pl\/blog\/2025\/02\/03\/rynek-budowlany-w-niemczech-i-dama-moe\/\" \/>\n<meta property=\"og:site_name\" content=\"DARIA MAK-WALTHER\" \/>\n<meta property=\"article:published_time\" content=\"2025-02-03T10:59:04+00:00\" \/>\n<meta property=\"article:modified_time\" content=\"2026-04-07T10:22:40+00:00\" \/>\n<meta property=\"og:image\" content=\"https:\/\/dama-moe.de\/pl\/wp-content\/uploads\/sites\/3\/2025\/02\/Asbest.jpg\" \/>\n\t<meta property=\"og:image:width\" content=\"1024\" \/>\n\t<meta property=\"og:image:height\" content=\"1024\" \/>\n\t<meta property=\"og:image:type\" content=\"image\/jpeg\" \/>\n<meta name=\"author\" content=\"Daria Mak-Walther\" \/>\n<meta name=\"twitter:card\" content=\"summary_large_image\" \/>\n<meta name=\"twitter:label1\" content=\"Napisane przez\" \/>\n\t<meta name=\"twitter:data1\" content=\"Daria Mak-Walther\" \/>\n\t<meta name=\"twitter:label2\" content=\"Szacowany czas czytania\" \/>\n\t<meta name=\"twitter:data2\" content=\"4 minuty\" \/>\n<script type=\"application\/ld+json\" class=\"yoast-schema-graph\">{\"@context\":\"https:\\\/\\\/schema.org\",\"@graph\":[{\"@type\":\"Article\",\"@id\":\"https:\\\/\\\/dama-moe.de\\\/pl\\\/pl\\\/blog\\\/2025\\\/02\\\/03\\\/rynek-budowlany-w-niemczech-i-dama-moe\\\/#article\",\"isPartOf\":{\"@id\":\"https:\\\/\\\/dama-moe.de\\\/pl\\\/pl\\\/blog\\\/2025\\\/02\\\/03\\\/rynek-budowlany-w-niemczech-i-dama-moe\\\/\"},\"author\":{\"name\":\"Daria Mak-Walther\",\"@id\":\"https:\\\/\\\/dama-moe.de\\\/pl\\\/#\\\/schema\\\/person\\\/bd8f870e0350212c0eb0681783b4bc52\"},\"headline\":\"Rynek budowlany w Niemczech\",\"datePublished\":\"2025-02-03T10:59:04+00:00\",\"dateModified\":\"2026-04-07T10:22:40+00:00\",\"mainEntityOfPage\":{\"@id\":\"https:\\\/\\\/dama-moe.de\\\/pl\\\/pl\\\/blog\\\/2025\\\/02\\\/03\\\/rynek-budowlany-w-niemczech-i-dama-moe\\\/\"},\"wordCount\":752,\"publisher\":{\"@id\":\"https:\\\/\\\/dama-moe.de\\\/pl\\\/#organization\"},\"image\":{\"@id\":\"https:\\\/\\\/dama-moe.de\\\/pl\\\/pl\\\/blog\\\/2025\\\/02\\\/03\\\/rynek-budowlany-w-niemczech-i-dama-moe\\\/#primaryimage\"},\"thumbnailUrl\":\"https:\\\/\\\/dama-moe.de\\\/pl\\\/wp-content\\\/uploads\\\/sites\\\/3\\\/2025\\\/02\\\/Asbest.jpg\",\"articleSection\":[\"Ekspansja do Niemiec (rynek DACH)\"],\"inLanguage\":\"pl-PL\"},{\"@type\":\"WebPage\",\"@id\":\"https:\\\/\\\/dama-moe.de\\\/pl\\\/pl\\\/blog\\\/2025\\\/02\\\/03\\\/rynek-budowlany-w-niemczech-i-dama-moe\\\/\",\"url\":\"https:\\\/\\\/dama-moe.de\\\/pl\\\/pl\\\/blog\\\/2025\\\/02\\\/03\\\/rynek-budowlany-w-niemczech-i-dama-moe\\\/\",\"name\":\"Rynek budowlany w Niemczech - DARIA MAK-WALTHER\",\"isPartOf\":{\"@id\":\"https:\\\/\\\/dama-moe.de\\\/pl\\\/#website\"},\"primaryImageOfPage\":{\"@id\":\"https:\\\/\\\/dama-moe.de\\\/pl\\\/pl\\\/blog\\\/2025\\\/02\\\/03\\\/rynek-budowlany-w-niemczech-i-dama-moe\\\/#primaryimage\"},\"image\":{\"@id\":\"https:\\\/\\\/dama-moe.de\\\/pl\\\/pl\\\/blog\\\/2025\\\/02\\\/03\\\/rynek-budowlany-w-niemczech-i-dama-moe\\\/#primaryimage\"},\"thumbnailUrl\":\"https:\\\/\\\/dama-moe.de\\\/pl\\\/wp-content\\\/uploads\\\/sites\\\/3\\\/2025\\\/02\\\/Asbest.jpg\",\"datePublished\":\"2025-02-03T10:59:04+00:00\",\"dateModified\":\"2026-04-07T10:22:40+00:00\",\"description\":\"Niemiecki rynek budowlany jest szczeg\u00f3lnie chroniony przez ustawodawstwo. Aby m\u00f3c si\u0119 na nim porusza\u0107 z sukcesem, trzeba zna\u0107 wiele regu\u0142.\",\"breadcrumb\":{\"@id\":\"https:\\\/\\\/dama-moe.de\\\/pl\\\/pl\\\/blog\\\/2025\\\/02\\\/03\\\/rynek-budowlany-w-niemczech-i-dama-moe\\\/#breadcrumb\"},\"inLanguage\":\"pl-PL\",\"potentialAction\":[{\"@type\":\"ReadAction\",\"target\":[\"https:\\\/\\\/dama-moe.de\\\/pl\\\/pl\\\/blog\\\/2025\\\/02\\\/03\\\/rynek-budowlany-w-niemczech-i-dama-moe\\\/\"]}]},{\"@type\":\"ImageObject\",\"inLanguage\":\"pl-PL\",\"@id\":\"https:\\\/\\\/dama-moe.de\\\/pl\\\/pl\\\/blog\\\/2025\\\/02\\\/03\\\/rynek-budowlany-w-niemczech-i-dama-moe\\\/#primaryimage\",\"url\":\"https:\\\/\\\/dama-moe.de\\\/pl\\\/wp-content\\\/uploads\\\/sites\\\/3\\\/2025\\\/02\\\/Asbest.jpg\",\"contentUrl\":\"https:\\\/\\\/dama-moe.de\\\/pl\\\/wp-content\\\/uploads\\\/sites\\\/3\\\/2025\\\/02\\\/Asbest.jpg\",\"width\":1024,\"height\":1024},{\"@type\":\"BreadcrumbList\",\"@id\":\"https:\\\/\\\/dama-moe.de\\\/pl\\\/pl\\\/blog\\\/2025\\\/02\\\/03\\\/rynek-budowlany-w-niemczech-i-dama-moe\\\/#breadcrumb\",\"itemListElement\":[{\"@type\":\"ListItem\",\"position\":1,\"name\":\"Startseite\",\"item\":\"https:\\\/\\\/dama-moe.de\\\/pl\\\/\"},{\"@type\":\"ListItem\",\"position\":2,\"name\":\"Rynek budowlany w Niemczech\"}]},{\"@type\":\"WebSite\",\"@id\":\"https:\\\/\\\/dama-moe.de\\\/pl\\\/#website\",\"url\":\"https:\\\/\\\/dama-moe.de\\\/pl\\\/\",\"name\":\"DARIA MAK-WALTHER\",\"description\":\"Wspieramy Ci\u0119 w internacjonalizacji\",\"publisher\":{\"@id\":\"https:\\\/\\\/dama-moe.de\\\/pl\\\/#organization\"},\"potentialAction\":[{\"@type\":\"SearchAction\",\"target\":{\"@type\":\"EntryPoint\",\"urlTemplate\":\"https:\\\/\\\/dama-moe.de\\\/pl\\\/?s={search_term_string}\"},\"query-input\":{\"@type\":\"PropertyValueSpecification\",\"valueRequired\":true,\"valueName\":\"search_term_string\"}}],\"inLanguage\":\"pl-PL\"},{\"@type\":\"Organization\",\"@id\":\"https:\\\/\\\/dama-moe.de\\\/pl\\\/#organization\",\"name\":\"DARIA MAK-WALTHER\",\"url\":\"https:\\\/\\\/dama-moe.de\\\/pl\\\/\",\"logo\":{\"@type\":\"ImageObject\",\"inLanguage\":\"pl-PL\",\"@id\":\"https:\\\/\\\/dama-moe.de\\\/pl\\\/#\\\/schema\\\/logo\\\/image\\\/\",\"url\":\"\",\"contentUrl\":\"\",\"caption\":\"DARIA MAK-WALTHER\"},\"image\":{\"@id\":\"https:\\\/\\\/dama-moe.de\\\/pl\\\/#\\\/schema\\\/logo\\\/image\\\/\"}},{\"@type\":\"Person\",\"@id\":\"https:\\\/\\\/dama-moe.de\\\/pl\\\/#\\\/schema\\\/person\\\/bd8f870e0350212c0eb0681783b4bc52\",\"name\":\"Daria Mak-Walther\",\"sameAs\":[\"http:\\\/\\\/dama-moe.de\"],\"url\":\"https:\\\/\\\/dama-moe.de\\\/pl\\\/blog\\\/author\\\/admin\\\/\"}]}<\/script>\n<!-- \/ Yoast SEO plugin. -->","yoast_head_json":{"title":"Rynek budowlany w Niemczech - DARIA MAK-WALTHER","description":"Niemiecki rynek budowlany jest szczeg\u00f3lnie chroniony przez ustawodawstwo. Aby m\u00f3c si\u0119 na nim porusza\u0107 z sukcesem, trzeba zna\u0107 wiele regu\u0142.","robots":{"index":"index","follow":"follow","max-snippet":"max-snippet:-1","max-image-preview":"max-image-preview:large","max-video-preview":"max-video-preview:-1"},"canonical":"https:\/\/dama-moe.de\/pl\/pl\/blog\/2025\/02\/03\/rynek-budowlany-w-niemczech-i-dama-moe\/","og_locale":"pl_PL","og_type":"article","og_title":"Rynek budowlany w Niemczech - DARIA MAK-WALTHER","og_description":"Niemiecki rynek budowlany jest szczeg\u00f3lnie chroniony przez ustawodawstwo. Aby m\u00f3c si\u0119 na nim porusza\u0107 z sukcesem, trzeba zna\u0107 wiele regu\u0142.","og_url":"https:\/\/dama-moe.de\/pl\/pl\/blog\/2025\/02\/03\/rynek-budowlany-w-niemczech-i-dama-moe\/","og_site_name":"DARIA MAK-WALTHER","article_published_time":"2025-02-03T10:59:04+00:00","article_modified_time":"2026-04-07T10:22:40+00:00","og_image":[{"width":1024,"height":1024,"url":"https:\/\/dama-moe.de\/pl\/wp-content\/uploads\/sites\/3\/2025\/02\/Asbest.jpg","type":"image\/jpeg"}],"author":"Daria Mak-Walther","twitter_card":"summary_large_image","twitter_misc":{"Napisane przez":"Daria Mak-Walther","Szacowany czas czytania":"4 minuty"},"schema":{"@context":"https:\/\/schema.org","@graph":[{"@type":"Article","@id":"https:\/\/dama-moe.de\/pl\/pl\/blog\/2025\/02\/03\/rynek-budowlany-w-niemczech-i-dama-moe\/#article","isPartOf":{"@id":"https:\/\/dama-moe.de\/pl\/pl\/blog\/2025\/02\/03\/rynek-budowlany-w-niemczech-i-dama-moe\/"},"author":{"name":"Daria Mak-Walther","@id":"https:\/\/dama-moe.de\/pl\/#\/schema\/person\/bd8f870e0350212c0eb0681783b4bc52"},"headline":"Rynek budowlany w Niemczech","datePublished":"2025-02-03T10:59:04+00:00","dateModified":"2026-04-07T10:22:40+00:00","mainEntityOfPage":{"@id":"https:\/\/dama-moe.de\/pl\/pl\/blog\/2025\/02\/03\/rynek-budowlany-w-niemczech-i-dama-moe\/"},"wordCount":752,"publisher":{"@id":"https:\/\/dama-moe.de\/pl\/#organization"},"image":{"@id":"https:\/\/dama-moe.de\/pl\/pl\/blog\/2025\/02\/03\/rynek-budowlany-w-niemczech-i-dama-moe\/#primaryimage"},"thumbnailUrl":"https:\/\/dama-moe.de\/pl\/wp-content\/uploads\/sites\/3\/2025\/02\/Asbest.jpg","articleSection":["Ekspansja do Niemiec (rynek DACH)"],"inLanguage":"pl-PL"},{"@type":"WebPage","@id":"https:\/\/dama-moe.de\/pl\/pl\/blog\/2025\/02\/03\/rynek-budowlany-w-niemczech-i-dama-moe\/","url":"https:\/\/dama-moe.de\/pl\/pl\/blog\/2025\/02\/03\/rynek-budowlany-w-niemczech-i-dama-moe\/","name":"Rynek budowlany w Niemczech - DARIA MAK-WALTHER","isPartOf":{"@id":"https:\/\/dama-moe.de\/pl\/#website"},"primaryImageOfPage":{"@id":"https:\/\/dama-moe.de\/pl\/pl\/blog\/2025\/02\/03\/rynek-budowlany-w-niemczech-i-dama-moe\/#primaryimage"},"image":{"@id":"https:\/\/dama-moe.de\/pl\/pl\/blog\/2025\/02\/03\/rynek-budowlany-w-niemczech-i-dama-moe\/#primaryimage"},"thumbnailUrl":"https:\/\/dama-moe.de\/pl\/wp-content\/uploads\/sites\/3\/2025\/02\/Asbest.jpg","datePublished":"2025-02-03T10:59:04+00:00","dateModified":"2026-04-07T10:22:40+00:00","description":"Niemiecki rynek budowlany jest szczeg\u00f3lnie chroniony przez ustawodawstwo. Aby m\u00f3c si\u0119 na nim porusza\u0107 z sukcesem, trzeba zna\u0107 wiele regu\u0142.","breadcrumb":{"@id":"https:\/\/dama-moe.de\/pl\/pl\/blog\/2025\/02\/03\/rynek-budowlany-w-niemczech-i-dama-moe\/#breadcrumb"},"inLanguage":"pl-PL","potentialAction":[{"@type":"ReadAction","target":["https:\/\/dama-moe.de\/pl\/pl\/blog\/2025\/02\/03\/rynek-budowlany-w-niemczech-i-dama-moe\/"]}]},{"@type":"ImageObject","inLanguage":"pl-PL","@id":"https:\/\/dama-moe.de\/pl\/pl\/blog\/2025\/02\/03\/rynek-budowlany-w-niemczech-i-dama-moe\/#primaryimage","url":"https:\/\/dama-moe.de\/pl\/wp-content\/uploads\/sites\/3\/2025\/02\/Asbest.jpg","contentUrl":"https:\/\/dama-moe.de\/pl\/wp-content\/uploads\/sites\/3\/2025\/02\/Asbest.jpg","width":1024,"height":1024},{"@type":"BreadcrumbList","@id":"https:\/\/dama-moe.de\/pl\/pl\/blog\/2025\/02\/03\/rynek-budowlany-w-niemczech-i-dama-moe\/#breadcrumb","itemListElement":[{"@type":"ListItem","position":1,"name":"Startseite","item":"https:\/\/dama-moe.de\/pl\/"},{"@type":"ListItem","position":2,"name":"Rynek budowlany w Niemczech"}]},{"@type":"WebSite","@id":"https:\/\/dama-moe.de\/pl\/#website","url":"https:\/\/dama-moe.de\/pl\/","name":"DARIA MAK-WALTHER","description":"Wspieramy Ci\u0119 w internacjonalizacji","publisher":{"@id":"https:\/\/dama-moe.de\/pl\/#organization"},"potentialAction":[{"@type":"SearchAction","target":{"@type":"EntryPoint","urlTemplate":"https:\/\/dama-moe.de\/pl\/?s={search_term_string}"},"query-input":{"@type":"PropertyValueSpecification","valueRequired":true,"valueName":"search_term_string"}}],"inLanguage":"pl-PL"},{"@type":"Organization","@id":"https:\/\/dama-moe.de\/pl\/#organization","name":"DARIA MAK-WALTHER","url":"https:\/\/dama-moe.de\/pl\/","logo":{"@type":"ImageObject","inLanguage":"pl-PL","@id":"https:\/\/dama-moe.de\/pl\/#\/schema\/logo\/image\/","url":"","contentUrl":"","caption":"DARIA MAK-WALTHER"},"image":{"@id":"https:\/\/dama-moe.de\/pl\/#\/schema\/logo\/image\/"}},{"@type":"Person","@id":"https:\/\/dama-moe.de\/pl\/#\/schema\/person\/bd8f870e0350212c0eb0681783b4bc52","name":"Daria Mak-Walther","sameAs":["http:\/\/dama-moe.de"],"url":"https:\/\/dama-moe.de\/pl\/blog\/author\/admin\/"}]}},"_links":{"self":[{"href":"https:\/\/dama-moe.de\/pl\/wp-json\/wp\/v2\/posts\/1043","targetHints":{"allow":["GET"]}}],"collection":[{"href":"https:\/\/dama-moe.de\/pl\/wp-json\/wp\/v2\/posts"}],"about":[{"href":"https:\/\/dama-moe.de\/pl\/wp-json\/wp\/v2\/types\/post"}],"author":[{"embeddable":true,"href":"https:\/\/dama-moe.de\/pl\/wp-json\/wp\/v2\/users\/1"}],"replies":[{"embeddable":true,"href":"https:\/\/dama-moe.de\/pl\/wp-json\/wp\/v2\/comments?post=1043"}],"version-history":[{"count":2,"href":"https:\/\/dama-moe.de\/pl\/wp-json\/wp\/v2\/posts\/1043\/revisions"}],"predecessor-version":[{"id":1045,"href":"https:\/\/dama-moe.de\/pl\/wp-json\/wp\/v2\/posts\/1043\/revisions\/1045"}],"wp:featuredmedia":[{"embeddable":true,"href":"https:\/\/dama-moe.de\/pl\/wp-json\/wp\/v2\/media\/1039"}],"wp:attachment":[{"href":"https:\/\/dama-moe.de\/pl\/wp-json\/wp\/v2\/media?parent=1043"}],"wp:term":[{"taxonomy":"category","embeddable":true,"href":"https:\/\/dama-moe.de\/pl\/wp-json\/wp\/v2\/categories?post=1043"},{"taxonomy":"post_tag","embeddable":true,"href":"https:\/\/dama-moe.de\/pl\/wp-json\/wp\/v2\/tags?post=1043"}],"curies":[{"name":"wp","href":"https:\/\/api.w.org\/{rel}","templated":true}]}}