{"id":1031,"date":"2024-10-16T12:27:22","date_gmt":"2024-10-16T10:27:22","guid":{"rendered":"https:\/\/dama-moe.de\/pl\/?p=1031"},"modified":"2026-04-07T12:23:48","modified_gmt":"2026-04-07T10:23:48","slug":"ekspansja-zagraniczna-rynek-niemiecki-ustawa-o-opakowaniach-i-dama-moe","status":"publish","type":"post","link":"https:\/\/dama-moe.de\/pl\/pl\/blog\/2024\/10\/16\/ekspansja-zagraniczna-rynek-niemiecki-ustawa-o-opakowaniach-i-dama-moe\/","title":{"rendered":"Ekspansja zagraniczna \/ rynek niemiecki"},"content":{"rendered":"\n<h2 class=\"wp-block-heading\"><strong>Z \u017cycia biznesowego wzi\u0119te.<\/strong><\/h2>\n\n\n\n<p>Kr\u00f3tka informacja w sprawie opakowa\u0144 i odpad\u00f3w opakowaniowych w Niemczech<\/p>\n\n\n\n<p>(Tre\u015b\u0107 ma wy\u0142\u0105cznie charakter informacyjny)<\/p>\n\n\n\n<p>Do napisania tego postu sk\u0142oni\u0142o mnie niedawne zlecenie. Ma\u0142y niemiecki podmiot pracuje od d\u0142u\u017cszego czasu pobocznie z produktami w\u0119gierskiej firmy \u2013 producenta z szeroko rozumianej bran\u017cy budowlanej. Niemiecki podmiot przekonany jest co do produkt\u00f3w w\u0119gierskiej firmy, kt\u00f3ra ju\u017c od lat pr\u00f3buje swojego szcz\u0119\u015bcia na rynku niemieckim. Bez wi\u0119kszego sukcesu, ale zamiast szuka\u0107 winy u siebie (jeden z dyrektor\u00f3w mieszka\u0142 i pracowa\u0142 przez wiele lat w Niemczech i m\u00f3wi bardzo dobrze po niemiecku), szuka si\u0119 winy w konkurencji i wymogom niemieckiego rynku. Jaki mi to jeszcze kraj przypomina\u2026?&nbsp;<\/p>\n\n\n\n<p>Tak na marginesie, to w\u0119gierska firma pope\u0142ni\u0142a wiele \u201egrzech\u00f3w\u201d, pocz\u0105wszy od braku wymaganych (tak\u017ce u siebie) aktualnych dokument\u00f3w, &nbsp;nie wspominaj\u0105c ju\u017c o marketingu, braku analizy rynku, grupy docelowej i nieznajomo\u015bci mechanizm\u00f3w istniej\u0105cych nie tylko w budowlance.<\/p>\n\n\n\n<p>Wyg\u00f3rowana samoocena jednego z dyrektor\u00f3w w\u0119gierskiej firmy, kt\u00f3ry naprawd\u0119 my\u015bli, \u017ce Niemcy z rozpacz\u0105 czekali przez ca\u0142e swoje istnienie na jego produkt, nie zna granic. Marketing jest wed\u0142ug niego niepotrzebny, a bud\u017cet b\u0119dzie, je\u017celi si\u0119 na tym rynku zarobi. Ale na tym rynku nie zarobi si\u0119, jak nie ma marketingu. I tak w ko\u0142o Macieju. Ale dzisiaj nie o tym.<\/p>\n\n\n\n<p>S\u0105 r\u00f3\u017cne rodzaje akt\u00f3w prawnych w UE. Mamy rozporz\u0105dzenia, kt\u00f3re s\u0105 wi\u0105\u017c\u0105cym aktem prawnym dla wszystkich kraj\u00f3w UE. Mamy tak\u017ce dyrektywy, kt\u00f3re s\u0105 aktem prawnym wyznaczaj\u0105cym cel, kt\u00f3ry maj\u0105 osi\u0105gn\u0105\u0107 pa\u0144stwa unijne. Ale droga do osi\u0105gni\u0119cia tego celu le\u017cy w gestii poszczeg\u00f3lnych kraj\u00f3w. Mamy te\u017c decyzje, kt\u00f3re s\u0105 wi\u0105\u017c\u0105ce, ale adresatem kt\u00f3rych mo\u017ce by\u0107 &nbsp;jaki\u015b kraj lub pojedyncza firma. Istniej\u0105 tak\u017ce zalecenia i, i &nbsp;i.<\/p>\n\n\n\n<p>Przeprowadzaj\u0105c analiz\u0119 w\u0119gierskich produkt\u00f3w i problemu ich wdro\u017cenia dla mojego zleceniodawcy, zwr\u00f3ci\u0142am uwag\u0119 tak\u017ce na brak spe\u0142nienia wymog\u00f3w wywodz\u0105cych si\u0119 z dyrektywy (!) UE 2018\/852 z dn. 30.05.2018 w sprawie opakowa\u0144 i odpad\u00f3w opakowaniowych, dok\u0142adnie niemiecka ustawa o opakowaniach, kt\u00f3ra obowi\u0105zuje od 1 stycznia 2019, z p\u00f3\u017aniejszymi zmianami, dostosowaniami itp. Dotyczy ona wszystkich (!) podmiot\u00f3w wprowadzaj\u0105cych produkty do obrotu na rynek niemiecki, r\u00f3wnie\u017c w\u0119gierskie (polskie itp.) firmy eksportuj\u0105ce towary do Niemiec w ramach sprzeda\u017cy B2B lub\/i B2C. Kr\u00f3tko \u2013 dotyczy to wszystkich, bo jaki towar nie posiada opakowania? Wa\u017cne te\u017c dla graczy na rynku, kt\u00f3rzy sprzedaj\u0105 towary do Niemiec przez platformy online, marketplace itd. Obowi\u0105zkowa jest zatem (bezp\u0142atna) rejestracja w rejestrze opakowa\u0144 ka\u017cdego gracza na rynku wprowadzaj\u0105cego towar do obrotu, czyli sprzeda\u017cy osobom trzecim, przy tym nie ma znaczenia, czy jest to wprowadzenie do obrotu odp\u0142atne, nieodp\u0142atne, wa\u017cne, \u017ce ma na celu dystrybucj\u0119, konsumpcj\u0119 lub inne wykorzystanie.&nbsp;<\/p>\n\n\n\n<p>Przed wprowadzeniem do obrotu opakowa\u0144 wype\u0142nionych towarem konieczna jest rejestracja w rejestrze opakowa\u0144 Lucid. Je\u017celi tego brakuje, obowi\u0105zuje zakaz sprzeda\u017cy!<\/p>\n\n\n\n<p>Opr\u00f3cz rejestracji w rejestrze opakowa\u0144 trzeba sprawdzi\u0107, czy potrzebny jest meldunek i tzw. uczestniczenie w jednym z system\u00f3w dualnych na terenie Niemiec (a wi\u0119c umowa). Dotyczy to przede wszystkim podmiot\u00f3w dostarczaj\u0105cych towary konsumentom ko\u0144cowym. Poj\u0119cie to obejmuje osoby, kt\u00f3re nie wprowadzaj\u0105 ju\u017c do obrotu handlowego towar\u00f3w w postaci, kt\u00f3ra zosta\u0142a im dostarczona, a wi\u0119c nie tylko prywatne gospodarstwa domowe, ale i szpitale, restauracje, administracje, kina, teatry, parki rozrywkowe, rzemie\u015blnicy, organizacje charytatywne, domy spokojnej staro\u015bci itp.&nbsp;<\/p>\n\n\n\n<p>W ww. przyk\u0142adzie \u2013 w\u0119gierski producent odpowiada\u0142 za opakowanie w momencie przekroczenia granicy niemieckiej. Jego klientem by\u0142a ma\u0142a firma rzemie\u015blnicza (us\u0142ugodawca), kt\u00f3ry nie odsprzedawa\u0142 towaru. W mi\u0119dzyczasie zosta\u0142a za\u0142o\u017cona sp\u00f3\u0142ka z o.o. w Niemczech i niemiecka firma od razu spe\u0142ni\u0142a wymogi rejestracji i meldunku w organizacji odzysku.&nbsp;<\/p>\n\n\n\n<p>Wa\u017cne: Rejestracja w rejestrze opakowa\u0144 musi by\u0107 zawsze przeprowadzona przez pracownika producenta (podmiotu wprowadzaj\u0105cego towar), aby wykluczy\u0107 nadu\u017cycia. Jednak\u017ce wszystkie inne zadania mog\u0105 by\u0107 wykonywane przez osoby trzecie. Rejestracja mo\u017ce by\u0107 dokonana w j. niemieckim lub angielskim. Pomagamy firmom w t\u0142umaczeniu\/wype\u0142nieniu rejestracji.<\/p>\n\n\n\n<p>Zg\u0142o\u015b si\u0119 do nas, je\u017celi jeste\u015b zainteresowany\/a wej\u015bciem na rynek niemiecki, Twoja sprzeda\u017c nie odnosi sukcesu mimo d\u0142u\u017cszej obecno\u015bci na tym rynku lub potrzebujesz partnera do projekt\u00f3w unijnych (zr\u00f3wnowa\u017cony rozw\u00f3j, energie odnawialne, szkolenia, zmiany demograficzne i in.). Mamy szerok\u0105 sie\u0107 kontakt\u00f3w, ale co najwa\u017cniejsze \u2013 wiemy, jak funkcjonuje ekspansja, internacjonalizacja i rynki niemieckoj\u0119zyczne.&nbsp;Nie jeste\u015bmy PH, nie pracujemy na zasadzie prowizji, opracowujemy strategie i wdra\u017camy je razem z naszymi klientami.<\/p>\n","protected":false},"excerpt":{"rendered":"<p>Z \u017cycia biznesowego wzi\u0119te. Kr\u00f3tka informacja w sprawie opakowa\u0144 i odpad\u00f3w opakowaniowych w Niemczech (Tre\u015b\u0107 ma wy\u0142\u0105cznie charakter informacyjny) Do napisania tego postu sk\u0142oni\u0142o mnie niedawne zlecenie. Ma\u0142y niemiecki podmiot pracuje od d\u0142u\u017cszego czasu pobocznie z produktami w\u0119gierskiej firmy \u2013 producenta z szeroko rozumianej bran\u017cy budowlanej. Niemiecki podmiot przekonany jest co do produkt\u00f3w w\u0119gierskiej firmy,&hellip;&nbsp;<a href=\"https:\/\/dama-moe.de\/pl\/pl\/blog\/2024\/10\/16\/ekspansja-zagraniczna-rynek-niemiecki-ustawa-o-opakowaniach-i-dama-moe\/\" rel=\"bookmark\">Dowiedz si\u0119 wi\u0119cej &raquo;<span class=\"screen-reader-text\">Ekspansja zagraniczna \/ rynek niemiecki<\/span><\/a><\/p>\n","protected":false},"author":1,"featured_media":1033,"comment_status":"closed","ping_status":"open","sticky":false,"template":"","format":"standard","meta":{"neve_meta_sidebar":"","neve_meta_container":"","neve_meta_enable_content_width":"","neve_meta_content_width":0,"neve_meta_title_alignment":"","neve_meta_author_avatar":"","neve_post_elements_order":"","neve_meta_disable_header":"","neve_meta_disable_footer":"","neve_meta_disable_title":"","footnotes":""},"categories":[110],"tags":[],"class_list":["post-1031","post","type-post","status-publish","format-standard","has-post-thumbnail","hentry","category-ekspansja-do-niemiec-rynek-dach"],"yoast_head":"<!-- This site is optimized with the Yoast SEO plugin v27.5 - https:\/\/yoast.com\/product\/yoast-seo-wordpress\/ -->\n<title>Ekspansja zagraniczna \/ rynek niemiecki - DARIA MAK-WALTHER<\/title>\n<meta name=\"description\" content=\"Chc\u0105c otrzyma\u0107 sukces na rynku niemieckim, musisz zapozna\u0107 si\u0119 z niekt\u00f3rymi zasadami i regu\u0142ami, kt\u00f3re tam panuj\u0105.\" \/>\n<meta name=\"robots\" content=\"index, follow, max-snippet:-1, max-image-preview:large, max-video-preview:-1\" \/>\n<link rel=\"canonical\" href=\"https:\/\/dama-moe.de\/pl\/pl\/blog\/2024\/10\/16\/ekspansja-zagraniczna-rynek-niemiecki-ustawa-o-opakowaniach-i-dama-moe\/\" \/>\n<meta property=\"og:locale\" content=\"pl_PL\" \/>\n<meta property=\"og:type\" content=\"article\" \/>\n<meta property=\"og:title\" content=\"Ekspansja zagraniczna \/ rynek niemiecki - DARIA MAK-WALTHER\" \/>\n<meta property=\"og:description\" content=\"Chc\u0105c otrzyma\u0107 sukces na rynku niemieckim, musisz zapozna\u0107 si\u0119 z niekt\u00f3rymi zasadami i regu\u0142ami, kt\u00f3re tam panuj\u0105.\" \/>\n<meta property=\"og:url\" content=\"https:\/\/dama-moe.de\/pl\/pl\/blog\/2024\/10\/16\/ekspansja-zagraniczna-rynek-niemiecki-ustawa-o-opakowaniach-i-dama-moe\/\" \/>\n<meta property=\"og:site_name\" content=\"DARIA MAK-WALTHER\" \/>\n<meta property=\"article:published_time\" content=\"2024-10-16T10:27:22+00:00\" \/>\n<meta property=\"article:modified_time\" content=\"2026-04-07T10:23:48+00:00\" \/>\n<meta property=\"og:image\" content=\"https:\/\/dama-moe.de\/pl\/wp-content\/uploads\/sites\/3\/2024\/10\/niemiecka-ustawa-o-opakowaniach.jpg\" \/>\n\t<meta property=\"og:image:width\" content=\"1200\" \/>\n\t<meta property=\"og:image:height\" content=\"1200\" \/>\n\t<meta property=\"og:image:type\" content=\"image\/jpeg\" \/>\n<meta name=\"author\" content=\"Daria Mak-Walther\" \/>\n<meta name=\"twitter:card\" content=\"summary_large_image\" \/>\n<meta name=\"twitter:label1\" content=\"Napisane przez\" \/>\n\t<meta name=\"twitter:data1\" content=\"Daria Mak-Walther\" \/>\n\t<meta name=\"twitter:label2\" content=\"Szacowany czas czytania\" \/>\n\t<meta name=\"twitter:data2\" content=\"5 minut\" \/>\n<script type=\"application\/ld+json\" class=\"yoast-schema-graph\">{\"@context\":\"https:\\\/\\\/schema.org\",\"@graph\":[{\"@type\":\"Article\",\"@id\":\"https:\\\/\\\/dama-moe.de\\\/pl\\\/pl\\\/blog\\\/2024\\\/10\\\/16\\\/ekspansja-zagraniczna-rynek-niemiecki-ustawa-o-opakowaniach-i-dama-moe\\\/#article\",\"isPartOf\":{\"@id\":\"https:\\\/\\\/dama-moe.de\\\/pl\\\/pl\\\/blog\\\/2024\\\/10\\\/16\\\/ekspansja-zagraniczna-rynek-niemiecki-ustawa-o-opakowaniach-i-dama-moe\\\/\"},\"author\":{\"name\":\"Daria Mak-Walther\",\"@id\":\"https:\\\/\\\/dama-moe.de\\\/pl\\\/#\\\/schema\\\/person\\\/bd8f870e0350212c0eb0681783b4bc52\"},\"headline\":\"Ekspansja zagraniczna \\\/ rynek niemiecki\",\"datePublished\":\"2024-10-16T10:27:22+00:00\",\"dateModified\":\"2026-04-07T10:23:48+00:00\",\"mainEntityOfPage\":{\"@id\":\"https:\\\/\\\/dama-moe.de\\\/pl\\\/pl\\\/blog\\\/2024\\\/10\\\/16\\\/ekspansja-zagraniczna-rynek-niemiecki-ustawa-o-opakowaniach-i-dama-moe\\\/\"},\"wordCount\":825,\"publisher\":{\"@id\":\"https:\\\/\\\/dama-moe.de\\\/pl\\\/#organization\"},\"image\":{\"@id\":\"https:\\\/\\\/dama-moe.de\\\/pl\\\/pl\\\/blog\\\/2024\\\/10\\\/16\\\/ekspansja-zagraniczna-rynek-niemiecki-ustawa-o-opakowaniach-i-dama-moe\\\/#primaryimage\"},\"thumbnailUrl\":\"https:\\\/\\\/dama-moe.de\\\/pl\\\/wp-content\\\/uploads\\\/sites\\\/3\\\/2024\\\/10\\\/niemiecka-ustawa-o-opakowaniach.jpg\",\"articleSection\":[\"Ekspansja do Niemiec (rynek DACH)\"],\"inLanguage\":\"pl-PL\"},{\"@type\":\"WebPage\",\"@id\":\"https:\\\/\\\/dama-moe.de\\\/pl\\\/pl\\\/blog\\\/2024\\\/10\\\/16\\\/ekspansja-zagraniczna-rynek-niemiecki-ustawa-o-opakowaniach-i-dama-moe\\\/\",\"url\":\"https:\\\/\\\/dama-moe.de\\\/pl\\\/pl\\\/blog\\\/2024\\\/10\\\/16\\\/ekspansja-zagraniczna-rynek-niemiecki-ustawa-o-opakowaniach-i-dama-moe\\\/\",\"name\":\"Ekspansja zagraniczna \\\/ rynek niemiecki - DARIA MAK-WALTHER\",\"isPartOf\":{\"@id\":\"https:\\\/\\\/dama-moe.de\\\/pl\\\/#website\"},\"primaryImageOfPage\":{\"@id\":\"https:\\\/\\\/dama-moe.de\\\/pl\\\/pl\\\/blog\\\/2024\\\/10\\\/16\\\/ekspansja-zagraniczna-rynek-niemiecki-ustawa-o-opakowaniach-i-dama-moe\\\/#primaryimage\"},\"image\":{\"@id\":\"https:\\\/\\\/dama-moe.de\\\/pl\\\/pl\\\/blog\\\/2024\\\/10\\\/16\\\/ekspansja-zagraniczna-rynek-niemiecki-ustawa-o-opakowaniach-i-dama-moe\\\/#primaryimage\"},\"thumbnailUrl\":\"https:\\\/\\\/dama-moe.de\\\/pl\\\/wp-content\\\/uploads\\\/sites\\\/3\\\/2024\\\/10\\\/niemiecka-ustawa-o-opakowaniach.jpg\",\"datePublished\":\"2024-10-16T10:27:22+00:00\",\"dateModified\":\"2026-04-07T10:23:48+00:00\",\"description\":\"Chc\u0105c otrzyma\u0107 sukces na rynku niemieckim, musisz zapozna\u0107 si\u0119 z niekt\u00f3rymi zasadami i regu\u0142ami, kt\u00f3re tam panuj\u0105.\",\"breadcrumb\":{\"@id\":\"https:\\\/\\\/dama-moe.de\\\/pl\\\/pl\\\/blog\\\/2024\\\/10\\\/16\\\/ekspansja-zagraniczna-rynek-niemiecki-ustawa-o-opakowaniach-i-dama-moe\\\/#breadcrumb\"},\"inLanguage\":\"pl-PL\",\"potentialAction\":[{\"@type\":\"ReadAction\",\"target\":[\"https:\\\/\\\/dama-moe.de\\\/pl\\\/pl\\\/blog\\\/2024\\\/10\\\/16\\\/ekspansja-zagraniczna-rynek-niemiecki-ustawa-o-opakowaniach-i-dama-moe\\\/\"]}]},{\"@type\":\"ImageObject\",\"inLanguage\":\"pl-PL\",\"@id\":\"https:\\\/\\\/dama-moe.de\\\/pl\\\/pl\\\/blog\\\/2024\\\/10\\\/16\\\/ekspansja-zagraniczna-rynek-niemiecki-ustawa-o-opakowaniach-i-dama-moe\\\/#primaryimage\",\"url\":\"https:\\\/\\\/dama-moe.de\\\/pl\\\/wp-content\\\/uploads\\\/sites\\\/3\\\/2024\\\/10\\\/niemiecka-ustawa-o-opakowaniach.jpg\",\"contentUrl\":\"https:\\\/\\\/dama-moe.de\\\/pl\\\/wp-content\\\/uploads\\\/sites\\\/3\\\/2024\\\/10\\\/niemiecka-ustawa-o-opakowaniach.jpg\",\"width\":1200,\"height\":1200},{\"@type\":\"BreadcrumbList\",\"@id\":\"https:\\\/\\\/dama-moe.de\\\/pl\\\/pl\\\/blog\\\/2024\\\/10\\\/16\\\/ekspansja-zagraniczna-rynek-niemiecki-ustawa-o-opakowaniach-i-dama-moe\\\/#breadcrumb\",\"itemListElement\":[{\"@type\":\"ListItem\",\"position\":1,\"name\":\"Startseite\",\"item\":\"https:\\\/\\\/dama-moe.de\\\/pl\\\/\"},{\"@type\":\"ListItem\",\"position\":2,\"name\":\"Ekspansja zagraniczna \\\/ rynek niemiecki\"}]},{\"@type\":\"WebSite\",\"@id\":\"https:\\\/\\\/dama-moe.de\\\/pl\\\/#website\",\"url\":\"https:\\\/\\\/dama-moe.de\\\/pl\\\/\",\"name\":\"DARIA MAK-WALTHER\",\"description\":\"Wspieramy Ci\u0119 w internacjonalizacji\",\"publisher\":{\"@id\":\"https:\\\/\\\/dama-moe.de\\\/pl\\\/#organization\"},\"potentialAction\":[{\"@type\":\"SearchAction\",\"target\":{\"@type\":\"EntryPoint\",\"urlTemplate\":\"https:\\\/\\\/dama-moe.de\\\/pl\\\/?s={search_term_string}\"},\"query-input\":{\"@type\":\"PropertyValueSpecification\",\"valueRequired\":true,\"valueName\":\"search_term_string\"}}],\"inLanguage\":\"pl-PL\"},{\"@type\":\"Organization\",\"@id\":\"https:\\\/\\\/dama-moe.de\\\/pl\\\/#organization\",\"name\":\"DARIA MAK-WALTHER\",\"url\":\"https:\\\/\\\/dama-moe.de\\\/pl\\\/\",\"logo\":{\"@type\":\"ImageObject\",\"inLanguage\":\"pl-PL\",\"@id\":\"https:\\\/\\\/dama-moe.de\\\/pl\\\/#\\\/schema\\\/logo\\\/image\\\/\",\"url\":\"\",\"contentUrl\":\"\",\"caption\":\"DARIA MAK-WALTHER\"},\"image\":{\"@id\":\"https:\\\/\\\/dama-moe.de\\\/pl\\\/#\\\/schema\\\/logo\\\/image\\\/\"}},{\"@type\":\"Person\",\"@id\":\"https:\\\/\\\/dama-moe.de\\\/pl\\\/#\\\/schema\\\/person\\\/bd8f870e0350212c0eb0681783b4bc52\",\"name\":\"Daria Mak-Walther\",\"sameAs\":[\"http:\\\/\\\/dama-moe.de\"],\"url\":\"https:\\\/\\\/dama-moe.de\\\/pl\\\/blog\\\/author\\\/admin\\\/\"}]}<\/script>\n<!-- \/ Yoast SEO plugin. -->","yoast_head_json":{"title":"Ekspansja zagraniczna \/ rynek niemiecki - DARIA MAK-WALTHER","description":"Chc\u0105c otrzyma\u0107 sukces na rynku niemieckim, musisz zapozna\u0107 si\u0119 z niekt\u00f3rymi zasadami i regu\u0142ami, kt\u00f3re tam panuj\u0105.","robots":{"index":"index","follow":"follow","max-snippet":"max-snippet:-1","max-image-preview":"max-image-preview:large","max-video-preview":"max-video-preview:-1"},"canonical":"https:\/\/dama-moe.de\/pl\/pl\/blog\/2024\/10\/16\/ekspansja-zagraniczna-rynek-niemiecki-ustawa-o-opakowaniach-i-dama-moe\/","og_locale":"pl_PL","og_type":"article","og_title":"Ekspansja zagraniczna \/ rynek niemiecki - DARIA MAK-WALTHER","og_description":"Chc\u0105c otrzyma\u0107 sukces na rynku niemieckim, musisz zapozna\u0107 si\u0119 z niekt\u00f3rymi zasadami i regu\u0142ami, kt\u00f3re tam panuj\u0105.","og_url":"https:\/\/dama-moe.de\/pl\/pl\/blog\/2024\/10\/16\/ekspansja-zagraniczna-rynek-niemiecki-ustawa-o-opakowaniach-i-dama-moe\/","og_site_name":"DARIA MAK-WALTHER","article_published_time":"2024-10-16T10:27:22+00:00","article_modified_time":"2026-04-07T10:23:48+00:00","og_image":[{"width":1200,"height":1200,"url":"https:\/\/dama-moe.de\/pl\/wp-content\/uploads\/sites\/3\/2024\/10\/niemiecka-ustawa-o-opakowaniach.jpg","type":"image\/jpeg"}],"author":"Daria Mak-Walther","twitter_card":"summary_large_image","twitter_misc":{"Napisane przez":"Daria Mak-Walther","Szacowany czas czytania":"5 minut"},"schema":{"@context":"https:\/\/schema.org","@graph":[{"@type":"Article","@id":"https:\/\/dama-moe.de\/pl\/pl\/blog\/2024\/10\/16\/ekspansja-zagraniczna-rynek-niemiecki-ustawa-o-opakowaniach-i-dama-moe\/#article","isPartOf":{"@id":"https:\/\/dama-moe.de\/pl\/pl\/blog\/2024\/10\/16\/ekspansja-zagraniczna-rynek-niemiecki-ustawa-o-opakowaniach-i-dama-moe\/"},"author":{"name":"Daria Mak-Walther","@id":"https:\/\/dama-moe.de\/pl\/#\/schema\/person\/bd8f870e0350212c0eb0681783b4bc52"},"headline":"Ekspansja zagraniczna \/ rynek niemiecki","datePublished":"2024-10-16T10:27:22+00:00","dateModified":"2026-04-07T10:23:48+00:00","mainEntityOfPage":{"@id":"https:\/\/dama-moe.de\/pl\/pl\/blog\/2024\/10\/16\/ekspansja-zagraniczna-rynek-niemiecki-ustawa-o-opakowaniach-i-dama-moe\/"},"wordCount":825,"publisher":{"@id":"https:\/\/dama-moe.de\/pl\/#organization"},"image":{"@id":"https:\/\/dama-moe.de\/pl\/pl\/blog\/2024\/10\/16\/ekspansja-zagraniczna-rynek-niemiecki-ustawa-o-opakowaniach-i-dama-moe\/#primaryimage"},"thumbnailUrl":"https:\/\/dama-moe.de\/pl\/wp-content\/uploads\/sites\/3\/2024\/10\/niemiecka-ustawa-o-opakowaniach.jpg","articleSection":["Ekspansja do Niemiec (rynek DACH)"],"inLanguage":"pl-PL"},{"@type":"WebPage","@id":"https:\/\/dama-moe.de\/pl\/pl\/blog\/2024\/10\/16\/ekspansja-zagraniczna-rynek-niemiecki-ustawa-o-opakowaniach-i-dama-moe\/","url":"https:\/\/dama-moe.de\/pl\/pl\/blog\/2024\/10\/16\/ekspansja-zagraniczna-rynek-niemiecki-ustawa-o-opakowaniach-i-dama-moe\/","name":"Ekspansja zagraniczna \/ rynek niemiecki - DARIA MAK-WALTHER","isPartOf":{"@id":"https:\/\/dama-moe.de\/pl\/#website"},"primaryImageOfPage":{"@id":"https:\/\/dama-moe.de\/pl\/pl\/blog\/2024\/10\/16\/ekspansja-zagraniczna-rynek-niemiecki-ustawa-o-opakowaniach-i-dama-moe\/#primaryimage"},"image":{"@id":"https:\/\/dama-moe.de\/pl\/pl\/blog\/2024\/10\/16\/ekspansja-zagraniczna-rynek-niemiecki-ustawa-o-opakowaniach-i-dama-moe\/#primaryimage"},"thumbnailUrl":"https:\/\/dama-moe.de\/pl\/wp-content\/uploads\/sites\/3\/2024\/10\/niemiecka-ustawa-o-opakowaniach.jpg","datePublished":"2024-10-16T10:27:22+00:00","dateModified":"2026-04-07T10:23:48+00:00","description":"Chc\u0105c otrzyma\u0107 sukces na rynku niemieckim, musisz zapozna\u0107 si\u0119 z niekt\u00f3rymi zasadami i regu\u0142ami, kt\u00f3re tam panuj\u0105.","breadcrumb":{"@id":"https:\/\/dama-moe.de\/pl\/pl\/blog\/2024\/10\/16\/ekspansja-zagraniczna-rynek-niemiecki-ustawa-o-opakowaniach-i-dama-moe\/#breadcrumb"},"inLanguage":"pl-PL","potentialAction":[{"@type":"ReadAction","target":["https:\/\/dama-moe.de\/pl\/pl\/blog\/2024\/10\/16\/ekspansja-zagraniczna-rynek-niemiecki-ustawa-o-opakowaniach-i-dama-moe\/"]}]},{"@type":"ImageObject","inLanguage":"pl-PL","@id":"https:\/\/dama-moe.de\/pl\/pl\/blog\/2024\/10\/16\/ekspansja-zagraniczna-rynek-niemiecki-ustawa-o-opakowaniach-i-dama-moe\/#primaryimage","url":"https:\/\/dama-moe.de\/pl\/wp-content\/uploads\/sites\/3\/2024\/10\/niemiecka-ustawa-o-opakowaniach.jpg","contentUrl":"https:\/\/dama-moe.de\/pl\/wp-content\/uploads\/sites\/3\/2024\/10\/niemiecka-ustawa-o-opakowaniach.jpg","width":1200,"height":1200},{"@type":"BreadcrumbList","@id":"https:\/\/dama-moe.de\/pl\/pl\/blog\/2024\/10\/16\/ekspansja-zagraniczna-rynek-niemiecki-ustawa-o-opakowaniach-i-dama-moe\/#breadcrumb","itemListElement":[{"@type":"ListItem","position":1,"name":"Startseite","item":"https:\/\/dama-moe.de\/pl\/"},{"@type":"ListItem","position":2,"name":"Ekspansja zagraniczna \/ rynek niemiecki"}]},{"@type":"WebSite","@id":"https:\/\/dama-moe.de\/pl\/#website","url":"https:\/\/dama-moe.de\/pl\/","name":"DARIA MAK-WALTHER","description":"Wspieramy Ci\u0119 w internacjonalizacji","publisher":{"@id":"https:\/\/dama-moe.de\/pl\/#organization"},"potentialAction":[{"@type":"SearchAction","target":{"@type":"EntryPoint","urlTemplate":"https:\/\/dama-moe.de\/pl\/?s={search_term_string}"},"query-input":{"@type":"PropertyValueSpecification","valueRequired":true,"valueName":"search_term_string"}}],"inLanguage":"pl-PL"},{"@type":"Organization","@id":"https:\/\/dama-moe.de\/pl\/#organization","name":"DARIA MAK-WALTHER","url":"https:\/\/dama-moe.de\/pl\/","logo":{"@type":"ImageObject","inLanguage":"pl-PL","@id":"https:\/\/dama-moe.de\/pl\/#\/schema\/logo\/image\/","url":"","contentUrl":"","caption":"DARIA MAK-WALTHER"},"image":{"@id":"https:\/\/dama-moe.de\/pl\/#\/schema\/logo\/image\/"}},{"@type":"Person","@id":"https:\/\/dama-moe.de\/pl\/#\/schema\/person\/bd8f870e0350212c0eb0681783b4bc52","name":"Daria Mak-Walther","sameAs":["http:\/\/dama-moe.de"],"url":"https:\/\/dama-moe.de\/pl\/blog\/author\/admin\/"}]}},"_links":{"self":[{"href":"https:\/\/dama-moe.de\/pl\/wp-json\/wp\/v2\/posts\/1031","targetHints":{"allow":["GET"]}}],"collection":[{"href":"https:\/\/dama-moe.de\/pl\/wp-json\/wp\/v2\/posts"}],"about":[{"href":"https:\/\/dama-moe.de\/pl\/wp-json\/wp\/v2\/types\/post"}],"author":[{"embeddable":true,"href":"https:\/\/dama-moe.de\/pl\/wp-json\/wp\/v2\/users\/1"}],"replies":[{"embeddable":true,"href":"https:\/\/dama-moe.de\/pl\/wp-json\/wp\/v2\/comments?post=1031"}],"version-history":[{"count":2,"href":"https:\/\/dama-moe.de\/pl\/wp-json\/wp\/v2\/posts\/1031\/revisions"}],"predecessor-version":[{"id":1075,"href":"https:\/\/dama-moe.de\/pl\/wp-json\/wp\/v2\/posts\/1031\/revisions\/1075"}],"wp:featuredmedia":[{"embeddable":true,"href":"https:\/\/dama-moe.de\/pl\/wp-json\/wp\/v2\/media\/1033"}],"wp:attachment":[{"href":"https:\/\/dama-moe.de\/pl\/wp-json\/wp\/v2\/media?parent=1031"}],"wp:term":[{"taxonomy":"category","embeddable":true,"href":"https:\/\/dama-moe.de\/pl\/wp-json\/wp\/v2\/categories?post=1031"},{"taxonomy":"post_tag","embeddable":true,"href":"https:\/\/dama-moe.de\/pl\/wp-json\/wp\/v2\/tags?post=1031"}],"curies":[{"name":"wp","href":"https:\/\/api.w.org\/{rel}","templated":true}]}}