{"id":1026,"date":"2024-10-16T12:13:41","date_gmt":"2024-10-16T10:13:41","guid":{"rendered":"https:\/\/dama-moe.de\/pl\/?p=1026"},"modified":"2026-04-07T12:25:13","modified_gmt":"2026-04-07T10:25:13","slug":"slodki-jak-miod-sprzedaz-w-niemczech-i-dama-moe","status":"publish","type":"post","link":"https:\/\/dama-moe.de\/pl\/pl\/blog\/2024\/10\/16\/slodki-jak-miod-sprzedaz-w-niemczech-i-dama-moe\/","title":{"rendered":"S\u0142odki jak mi\u00f3d!"},"content":{"rendered":"\n<h2 class=\"wp-block-heading\">Albo jak zarobi\u0107 na sprzeda\u017cy miodu w Niemczech\u2026<\/h2>\n\n\n\n<p>Niewiele jest produkt\u00f3w od producent\u00f3w i\/lub handlowc\u00f3w szukaj\u0105cych mojego wsparcia na rynku niemieckoj\u0119zycznym, na kt\u00f3re reaguj\u0119 \u201ealergicznie\u201d \u2013 opr\u00f3cz drzwi, okien, p\u0142ot\u00f3w, malinek i jab\u0142ek, jest to mi\u00f3d.<\/p>\n\n\n\n<p>Jeszcze kilkana\u015bcie lat temu mia\u0142am zapytanie dotycz\u0105ce sprzeda\u017cy miodu w Niemczech niemal raz w tygodniu. Nigdy si\u0119 tym tematem nie zajmowa\u0142am, bo moim zadaniem nie jest sprzeda\u017c na bazarze lub chodzenie od drzwi do drzwi. I to jeszcze na dodatek na zasadzie prowizji. Moja przygoda z polskim miodem koncentruje si\u0119 podczas wizyt w Polsce na zakupie s\u0142oiczka miodu dla mojego te\u015bcia. Oczywi\u015bcie nie z ulicy, a ze sprawdzonej pasieki.<\/p>\n\n\n\n<p>Jednak problemy bran\u017cy pszczelarskiej w Niemczech i UE s\u0105 mi troch\u0119 znane, poniewa\u017c zajmuj\u0119 si\u0119 analizami dowolnych bran\u017c i produkt\u00f3w. Obecnie Niemieckie Stowarzyszenie Pszczelarzy Zawodowych i Handlowych wszcz\u0119\u0142o ponowny alarm, poniewa\u017c 25 z 30 pr\u00f3bek s\u0142oiczk\u00f3w miodu w supermarketach jest rozcie\u0144czonych tanim syropem cukrowym. Problem znany w UE, poniewa\u017c rynek europejski od dawna zalewany jest tanim miodem. Atutem podr\u00f3bek miodu w supermarketach jest ich trudne wykrycie, nawet w laboratorium. Zazwyczaj w niem. laboratoriach przeprowadza si\u0119 w tym celu zwyk\u0142e testy NMR, IRMS i LC\/MS. Badania tych samych 30 pr\u00f3bek miodu z supermarketu nie wykaza\u0142y \u017cadnych nieprawid\u0142owo\u015bci. Dopiero analiza DNA tych pr\u00f3bek w specjalnym laboratorium w Estonii wykaza\u0142a fa\u0142szywki. Teraz sprawa nabiera toku \u2013 wsp\u00f3lnie z importerami miodu i bran\u017c\u0105 spo\u017cywcz\u0105, pszczelarze wywieraj\u0105 nacisk na Komisj\u0119 Europejsk\u0105, ochron\u0119 konsument\u00f3w, a nawet policj\u0119 i Europol. W przysz\u0142o\u015bci kraj pochodzenia musi by\u0107 wyra\u017anie podany na opakowaniu (a w przypadku mieszanek \u2013 ile proc. z jakiego kraju). Do tej pory na s\u0142oiczkach z mieszank\u0105 wystarcza informacja czy produkt pochodzi z UE, czy nie. Rzecznicy konsument\u00f3w radz\u0105 i tak do zakupu miodu niemieckiej produkcji, tym bardziej \u017ce okres przej\u015bciowy wdro\u017cenia wymog\u00f3w UE wynosi ok. 2 lat.&nbsp;<\/p>\n\n\n\n<p>Problemem jest wysokie spo\u017cycie miodu w Niemczech. Lokalna produkcja pokrywa jedynie 30-42 % (zale\u017cy czy B2B, czy B2C) zapotrzebowania Niemiec. Import pochodzi g\u0142\u00f3wnie z Ukrainy, Argentyny i Meksyku oraz z Chin, Turcji i Rumunii.&nbsp;<\/p>\n\n\n\n<p>Kr\u00f3tka statystyka Federalnego Ministerstwa ds. \u017bywno\u015bci i Rolnictwa:<\/p>\n\n\n\n<p>Wed\u0142ug przeprowadzonych bada\u0144 w 2023 r. w ca\u0142ych Niemczech hodowano ok. miliona rodzin pszcz\u00f3\u0142 (to ok. 0,4 proc. wi\u0119cej ni\u017c w 2022). Przy tym \u015bredni plon z rodziny wyni\u00f3s\u0142 33,8 kg, a \u0142\u0105czna produkcja niemiecka wynios\u0142a 33.761 ton, zdecydowanie najwi\u0119cej miodu wyprodukowali w 2023 bawarscy pszczelarze.&nbsp;<\/p>\n\n\n\n<p>Wed\u0142ug wst\u0119pnych danych w 2023 r. do Niemiec zaimportowano ok. 64.427 ton miodu, a wyeksportowano 18.018 ton. Co ciekawe \u2013 nadwy\u017cka importowa miodu spad\u0142a w por\u00f3wnaniu z r. 2022 o 8.085 ton do ok. 46.409 ton. Spo\u017cycie miodu w 2023 r. spad\u0142o w Niemczech o 10 % (w por\u00f3wnaniu z 2022) do 949 g. (\u017ar\u00f3d\u0142o: bmel-statistik(dot)de)<\/p>\n\n\n\n<p>Je\u017celi jednak polski czytelnik my\u015bli, \u017ce teraz przysz\u0142a jego szansa na handel miodem w Niemczech, to si\u0119, niestety, bardzo myli. Ale na podstawie ww. informacji mo\u017cna jak najbardziej opracowa\u0107 odpowiedni\u0105 strategi\u0119. M\u00f3j zesp\u00f3\u0142 s\u0142u\u017cy wsparciem.&nbsp;<\/p>\n","protected":false},"excerpt":{"rendered":"<p>Albo jak zarobi\u0107 na sprzeda\u017cy miodu w Niemczech\u2026 Niewiele jest produkt\u00f3w od producent\u00f3w i\/lub handlowc\u00f3w szukaj\u0105cych mojego wsparcia na rynku niemieckoj\u0119zycznym, na kt\u00f3re reaguj\u0119 \u201ealergicznie\u201d \u2013 opr\u00f3cz drzwi, okien, p\u0142ot\u00f3w, malinek i jab\u0142ek, jest to mi\u00f3d. Jeszcze kilkana\u015bcie lat temu mia\u0142am zapytanie dotycz\u0105ce sprzeda\u017cy miodu w Niemczech niemal raz w tygodniu. Nigdy si\u0119 tym tematem&hellip;&nbsp;<a href=\"https:\/\/dama-moe.de\/pl\/pl\/blog\/2024\/10\/16\/slodki-jak-miod-sprzedaz-w-niemczech-i-dama-moe\/\" rel=\"bookmark\">Dowiedz si\u0119 wi\u0119cej &raquo;<span class=\"screen-reader-text\">S\u0142odki jak mi\u00f3d!<\/span><\/a><\/p>\n","protected":false},"author":1,"featured_media":1030,"comment_status":"closed","ping_status":"open","sticky":false,"template":"","format":"standard","meta":{"neve_meta_sidebar":"","neve_meta_container":"","neve_meta_enable_content_width":"","neve_meta_content_width":0,"neve_meta_title_alignment":"","neve_meta_author_avatar":"","neve_post_elements_order":"","neve_meta_disable_header":"","neve_meta_disable_footer":"","neve_meta_disable_title":"","footnotes":""},"categories":[110],"tags":[],"class_list":["post-1026","post","type-post","status-publish","format-standard","has-post-thumbnail","hentry","category-ekspansja-do-niemiec-rynek-dach"],"yoast_head":"<!-- This site is optimized with the Yoast SEO plugin v27.5 - https:\/\/yoast.com\/product\/yoast-seo-wordpress\/ -->\n<title>S\u0142odki jak mi\u00f3d! - DARIA MAK-WALTHER<\/title>\n<meta name=\"description\" content=\"Niemcy nale\u017c\u0105 do jednych z najwi\u0119kszych konsument\u00f3w miodu na \u015bwiecie. Ale na rynku pe\u0142no jest konkurencji, tak\u017ce nieuczciwej.\" \/>\n<meta name=\"robots\" content=\"index, follow, max-snippet:-1, max-image-preview:large, max-video-preview:-1\" \/>\n<link rel=\"canonical\" href=\"https:\/\/dama-moe.de\/pl\/pl\/blog\/2024\/10\/16\/slodki-jak-miod-sprzedaz-w-niemczech-i-dama-moe\/\" \/>\n<meta property=\"og:locale\" content=\"pl_PL\" \/>\n<meta property=\"og:type\" content=\"article\" \/>\n<meta property=\"og:title\" content=\"S\u0142odki jak mi\u00f3d! - DARIA MAK-WALTHER\" \/>\n<meta property=\"og:description\" content=\"Niemcy nale\u017c\u0105 do jednych z najwi\u0119kszych konsument\u00f3w miodu na \u015bwiecie. Ale na rynku pe\u0142no jest konkurencji, tak\u017ce nieuczciwej.\" \/>\n<meta property=\"og:url\" content=\"https:\/\/dama-moe.de\/pl\/pl\/blog\/2024\/10\/16\/slodki-jak-miod-sprzedaz-w-niemczech-i-dama-moe\/\" \/>\n<meta property=\"og:site_name\" content=\"DARIA MAK-WALTHER\" \/>\n<meta property=\"article:published_time\" content=\"2024-10-16T10:13:41+00:00\" \/>\n<meta property=\"article:modified_time\" content=\"2026-04-07T10:25:13+00:00\" \/>\n<meta property=\"og:image\" content=\"https:\/\/dama-moe.de\/pl\/wp-content\/uploads\/sites\/3\/2024\/10\/Honig-und-Bienchen-Kopie-2.jpg\" \/>\n\t<meta property=\"og:image:width\" content=\"1000\" \/>\n\t<meta property=\"og:image:height\" content=\"1000\" \/>\n\t<meta property=\"og:image:type\" content=\"image\/jpeg\" \/>\n<meta name=\"author\" content=\"Daria Mak-Walther\" \/>\n<meta name=\"twitter:card\" content=\"summary_large_image\" \/>\n<meta name=\"twitter:label1\" content=\"Napisane przez\" \/>\n\t<meta name=\"twitter:data1\" content=\"Daria Mak-Walther\" \/>\n\t<meta name=\"twitter:label2\" content=\"Szacowany czas czytania\" \/>\n\t<meta name=\"twitter:data2\" content=\"4 minuty\" \/>\n<script type=\"application\/ld+json\" class=\"yoast-schema-graph\">{\"@context\":\"https:\\\/\\\/schema.org\",\"@graph\":[{\"@type\":\"Article\",\"@id\":\"https:\\\/\\\/dama-moe.de\\\/pl\\\/pl\\\/blog\\\/2024\\\/10\\\/16\\\/slodki-jak-miod-sprzedaz-w-niemczech-i-dama-moe\\\/#article\",\"isPartOf\":{\"@id\":\"https:\\\/\\\/dama-moe.de\\\/pl\\\/pl\\\/blog\\\/2024\\\/10\\\/16\\\/slodki-jak-miod-sprzedaz-w-niemczech-i-dama-moe\\\/\"},\"author\":{\"name\":\"Daria Mak-Walther\",\"@id\":\"https:\\\/\\\/dama-moe.de\\\/pl\\\/#\\\/schema\\\/person\\\/bd8f870e0350212c0eb0681783b4bc52\"},\"headline\":\"S\u0142odki jak mi\u00f3d!\",\"datePublished\":\"2024-10-16T10:13:41+00:00\",\"dateModified\":\"2026-04-07T10:25:13+00:00\",\"mainEntityOfPage\":{\"@id\":\"https:\\\/\\\/dama-moe.de\\\/pl\\\/pl\\\/blog\\\/2024\\\/10\\\/16\\\/slodki-jak-miod-sprzedaz-w-niemczech-i-dama-moe\\\/\"},\"wordCount\":539,\"publisher\":{\"@id\":\"https:\\\/\\\/dama-moe.de\\\/pl\\\/#organization\"},\"image\":{\"@id\":\"https:\\\/\\\/dama-moe.de\\\/pl\\\/pl\\\/blog\\\/2024\\\/10\\\/16\\\/slodki-jak-miod-sprzedaz-w-niemczech-i-dama-moe\\\/#primaryimage\"},\"thumbnailUrl\":\"https:\\\/\\\/dama-moe.de\\\/pl\\\/wp-content\\\/uploads\\\/sites\\\/3\\\/2024\\\/10\\\/Honig-und-Bienchen-Kopie-2.jpg\",\"articleSection\":[\"Ekspansja do Niemiec (rynek DACH)\"],\"inLanguage\":\"pl-PL\"},{\"@type\":\"WebPage\",\"@id\":\"https:\\\/\\\/dama-moe.de\\\/pl\\\/pl\\\/blog\\\/2024\\\/10\\\/16\\\/slodki-jak-miod-sprzedaz-w-niemczech-i-dama-moe\\\/\",\"url\":\"https:\\\/\\\/dama-moe.de\\\/pl\\\/pl\\\/blog\\\/2024\\\/10\\\/16\\\/slodki-jak-miod-sprzedaz-w-niemczech-i-dama-moe\\\/\",\"name\":\"S\u0142odki jak mi\u00f3d! - DARIA MAK-WALTHER\",\"isPartOf\":{\"@id\":\"https:\\\/\\\/dama-moe.de\\\/pl\\\/#website\"},\"primaryImageOfPage\":{\"@id\":\"https:\\\/\\\/dama-moe.de\\\/pl\\\/pl\\\/blog\\\/2024\\\/10\\\/16\\\/slodki-jak-miod-sprzedaz-w-niemczech-i-dama-moe\\\/#primaryimage\"},\"image\":{\"@id\":\"https:\\\/\\\/dama-moe.de\\\/pl\\\/pl\\\/blog\\\/2024\\\/10\\\/16\\\/slodki-jak-miod-sprzedaz-w-niemczech-i-dama-moe\\\/#primaryimage\"},\"thumbnailUrl\":\"https:\\\/\\\/dama-moe.de\\\/pl\\\/wp-content\\\/uploads\\\/sites\\\/3\\\/2024\\\/10\\\/Honig-und-Bienchen-Kopie-2.jpg\",\"datePublished\":\"2024-10-16T10:13:41+00:00\",\"dateModified\":\"2026-04-07T10:25:13+00:00\",\"description\":\"Niemcy nale\u017c\u0105 do jednych z najwi\u0119kszych konsument\u00f3w miodu na \u015bwiecie. Ale na rynku pe\u0142no jest konkurencji, tak\u017ce nieuczciwej.\",\"breadcrumb\":{\"@id\":\"https:\\\/\\\/dama-moe.de\\\/pl\\\/pl\\\/blog\\\/2024\\\/10\\\/16\\\/slodki-jak-miod-sprzedaz-w-niemczech-i-dama-moe\\\/#breadcrumb\"},\"inLanguage\":\"pl-PL\",\"potentialAction\":[{\"@type\":\"ReadAction\",\"target\":[\"https:\\\/\\\/dama-moe.de\\\/pl\\\/pl\\\/blog\\\/2024\\\/10\\\/16\\\/slodki-jak-miod-sprzedaz-w-niemczech-i-dama-moe\\\/\"]}]},{\"@type\":\"ImageObject\",\"inLanguage\":\"pl-PL\",\"@id\":\"https:\\\/\\\/dama-moe.de\\\/pl\\\/pl\\\/blog\\\/2024\\\/10\\\/16\\\/slodki-jak-miod-sprzedaz-w-niemczech-i-dama-moe\\\/#primaryimage\",\"url\":\"https:\\\/\\\/dama-moe.de\\\/pl\\\/wp-content\\\/uploads\\\/sites\\\/3\\\/2024\\\/10\\\/Honig-und-Bienchen-Kopie-2.jpg\",\"contentUrl\":\"https:\\\/\\\/dama-moe.de\\\/pl\\\/wp-content\\\/uploads\\\/sites\\\/3\\\/2024\\\/10\\\/Honig-und-Bienchen-Kopie-2.jpg\",\"width\":1000,\"height\":1000,\"caption\":\"Mi\u00f3d i pszcz\u00f3\u0142ki\"},{\"@type\":\"BreadcrumbList\",\"@id\":\"https:\\\/\\\/dama-moe.de\\\/pl\\\/pl\\\/blog\\\/2024\\\/10\\\/16\\\/slodki-jak-miod-sprzedaz-w-niemczech-i-dama-moe\\\/#breadcrumb\",\"itemListElement\":[{\"@type\":\"ListItem\",\"position\":1,\"name\":\"Startseite\",\"item\":\"https:\\\/\\\/dama-moe.de\\\/pl\\\/\"},{\"@type\":\"ListItem\",\"position\":2,\"name\":\"S\u0142odki jak mi\u00f3d!\"}]},{\"@type\":\"WebSite\",\"@id\":\"https:\\\/\\\/dama-moe.de\\\/pl\\\/#website\",\"url\":\"https:\\\/\\\/dama-moe.de\\\/pl\\\/\",\"name\":\"DARIA MAK-WALTHER\",\"description\":\"Wspieramy Ci\u0119 w internacjonalizacji\",\"publisher\":{\"@id\":\"https:\\\/\\\/dama-moe.de\\\/pl\\\/#organization\"},\"potentialAction\":[{\"@type\":\"SearchAction\",\"target\":{\"@type\":\"EntryPoint\",\"urlTemplate\":\"https:\\\/\\\/dama-moe.de\\\/pl\\\/?s={search_term_string}\"},\"query-input\":{\"@type\":\"PropertyValueSpecification\",\"valueRequired\":true,\"valueName\":\"search_term_string\"}}],\"inLanguage\":\"pl-PL\"},{\"@type\":\"Organization\",\"@id\":\"https:\\\/\\\/dama-moe.de\\\/pl\\\/#organization\",\"name\":\"DARIA MAK-WALTHER\",\"url\":\"https:\\\/\\\/dama-moe.de\\\/pl\\\/\",\"logo\":{\"@type\":\"ImageObject\",\"inLanguage\":\"pl-PL\",\"@id\":\"https:\\\/\\\/dama-moe.de\\\/pl\\\/#\\\/schema\\\/logo\\\/image\\\/\",\"url\":\"\",\"contentUrl\":\"\",\"caption\":\"DARIA MAK-WALTHER\"},\"image\":{\"@id\":\"https:\\\/\\\/dama-moe.de\\\/pl\\\/#\\\/schema\\\/logo\\\/image\\\/\"}},{\"@type\":\"Person\",\"@id\":\"https:\\\/\\\/dama-moe.de\\\/pl\\\/#\\\/schema\\\/person\\\/bd8f870e0350212c0eb0681783b4bc52\",\"name\":\"Daria Mak-Walther\",\"sameAs\":[\"http:\\\/\\\/dama-moe.de\"],\"url\":\"https:\\\/\\\/dama-moe.de\\\/pl\\\/blog\\\/author\\\/admin\\\/\"}]}<\/script>\n<!-- \/ Yoast SEO plugin. -->","yoast_head_json":{"title":"S\u0142odki jak mi\u00f3d! - DARIA MAK-WALTHER","description":"Niemcy nale\u017c\u0105 do jednych z najwi\u0119kszych konsument\u00f3w miodu na \u015bwiecie. Ale na rynku pe\u0142no jest konkurencji, tak\u017ce nieuczciwej.","robots":{"index":"index","follow":"follow","max-snippet":"max-snippet:-1","max-image-preview":"max-image-preview:large","max-video-preview":"max-video-preview:-1"},"canonical":"https:\/\/dama-moe.de\/pl\/pl\/blog\/2024\/10\/16\/slodki-jak-miod-sprzedaz-w-niemczech-i-dama-moe\/","og_locale":"pl_PL","og_type":"article","og_title":"S\u0142odki jak mi\u00f3d! - DARIA MAK-WALTHER","og_description":"Niemcy nale\u017c\u0105 do jednych z najwi\u0119kszych konsument\u00f3w miodu na \u015bwiecie. Ale na rynku pe\u0142no jest konkurencji, tak\u017ce nieuczciwej.","og_url":"https:\/\/dama-moe.de\/pl\/pl\/blog\/2024\/10\/16\/slodki-jak-miod-sprzedaz-w-niemczech-i-dama-moe\/","og_site_name":"DARIA MAK-WALTHER","article_published_time":"2024-10-16T10:13:41+00:00","article_modified_time":"2026-04-07T10:25:13+00:00","og_image":[{"width":1000,"height":1000,"url":"https:\/\/dama-moe.de\/pl\/wp-content\/uploads\/sites\/3\/2024\/10\/Honig-und-Bienchen-Kopie-2.jpg","type":"image\/jpeg"}],"author":"Daria Mak-Walther","twitter_card":"summary_large_image","twitter_misc":{"Napisane przez":"Daria Mak-Walther","Szacowany czas czytania":"4 minuty"},"schema":{"@context":"https:\/\/schema.org","@graph":[{"@type":"Article","@id":"https:\/\/dama-moe.de\/pl\/pl\/blog\/2024\/10\/16\/slodki-jak-miod-sprzedaz-w-niemczech-i-dama-moe\/#article","isPartOf":{"@id":"https:\/\/dama-moe.de\/pl\/pl\/blog\/2024\/10\/16\/slodki-jak-miod-sprzedaz-w-niemczech-i-dama-moe\/"},"author":{"name":"Daria Mak-Walther","@id":"https:\/\/dama-moe.de\/pl\/#\/schema\/person\/bd8f870e0350212c0eb0681783b4bc52"},"headline":"S\u0142odki jak mi\u00f3d!","datePublished":"2024-10-16T10:13:41+00:00","dateModified":"2026-04-07T10:25:13+00:00","mainEntityOfPage":{"@id":"https:\/\/dama-moe.de\/pl\/pl\/blog\/2024\/10\/16\/slodki-jak-miod-sprzedaz-w-niemczech-i-dama-moe\/"},"wordCount":539,"publisher":{"@id":"https:\/\/dama-moe.de\/pl\/#organization"},"image":{"@id":"https:\/\/dama-moe.de\/pl\/pl\/blog\/2024\/10\/16\/slodki-jak-miod-sprzedaz-w-niemczech-i-dama-moe\/#primaryimage"},"thumbnailUrl":"https:\/\/dama-moe.de\/pl\/wp-content\/uploads\/sites\/3\/2024\/10\/Honig-und-Bienchen-Kopie-2.jpg","articleSection":["Ekspansja do Niemiec (rynek DACH)"],"inLanguage":"pl-PL"},{"@type":"WebPage","@id":"https:\/\/dama-moe.de\/pl\/pl\/blog\/2024\/10\/16\/slodki-jak-miod-sprzedaz-w-niemczech-i-dama-moe\/","url":"https:\/\/dama-moe.de\/pl\/pl\/blog\/2024\/10\/16\/slodki-jak-miod-sprzedaz-w-niemczech-i-dama-moe\/","name":"S\u0142odki jak mi\u00f3d! - DARIA MAK-WALTHER","isPartOf":{"@id":"https:\/\/dama-moe.de\/pl\/#website"},"primaryImageOfPage":{"@id":"https:\/\/dama-moe.de\/pl\/pl\/blog\/2024\/10\/16\/slodki-jak-miod-sprzedaz-w-niemczech-i-dama-moe\/#primaryimage"},"image":{"@id":"https:\/\/dama-moe.de\/pl\/pl\/blog\/2024\/10\/16\/slodki-jak-miod-sprzedaz-w-niemczech-i-dama-moe\/#primaryimage"},"thumbnailUrl":"https:\/\/dama-moe.de\/pl\/wp-content\/uploads\/sites\/3\/2024\/10\/Honig-und-Bienchen-Kopie-2.jpg","datePublished":"2024-10-16T10:13:41+00:00","dateModified":"2026-04-07T10:25:13+00:00","description":"Niemcy nale\u017c\u0105 do jednych z najwi\u0119kszych konsument\u00f3w miodu na \u015bwiecie. Ale na rynku pe\u0142no jest konkurencji, tak\u017ce nieuczciwej.","breadcrumb":{"@id":"https:\/\/dama-moe.de\/pl\/pl\/blog\/2024\/10\/16\/slodki-jak-miod-sprzedaz-w-niemczech-i-dama-moe\/#breadcrumb"},"inLanguage":"pl-PL","potentialAction":[{"@type":"ReadAction","target":["https:\/\/dama-moe.de\/pl\/pl\/blog\/2024\/10\/16\/slodki-jak-miod-sprzedaz-w-niemczech-i-dama-moe\/"]}]},{"@type":"ImageObject","inLanguage":"pl-PL","@id":"https:\/\/dama-moe.de\/pl\/pl\/blog\/2024\/10\/16\/slodki-jak-miod-sprzedaz-w-niemczech-i-dama-moe\/#primaryimage","url":"https:\/\/dama-moe.de\/pl\/wp-content\/uploads\/sites\/3\/2024\/10\/Honig-und-Bienchen-Kopie-2.jpg","contentUrl":"https:\/\/dama-moe.de\/pl\/wp-content\/uploads\/sites\/3\/2024\/10\/Honig-und-Bienchen-Kopie-2.jpg","width":1000,"height":1000,"caption":"Mi\u00f3d i pszcz\u00f3\u0142ki"},{"@type":"BreadcrumbList","@id":"https:\/\/dama-moe.de\/pl\/pl\/blog\/2024\/10\/16\/slodki-jak-miod-sprzedaz-w-niemczech-i-dama-moe\/#breadcrumb","itemListElement":[{"@type":"ListItem","position":1,"name":"Startseite","item":"https:\/\/dama-moe.de\/pl\/"},{"@type":"ListItem","position":2,"name":"S\u0142odki jak mi\u00f3d!"}]},{"@type":"WebSite","@id":"https:\/\/dama-moe.de\/pl\/#website","url":"https:\/\/dama-moe.de\/pl\/","name":"DARIA MAK-WALTHER","description":"Wspieramy Ci\u0119 w internacjonalizacji","publisher":{"@id":"https:\/\/dama-moe.de\/pl\/#organization"},"potentialAction":[{"@type":"SearchAction","target":{"@type":"EntryPoint","urlTemplate":"https:\/\/dama-moe.de\/pl\/?s={search_term_string}"},"query-input":{"@type":"PropertyValueSpecification","valueRequired":true,"valueName":"search_term_string"}}],"inLanguage":"pl-PL"},{"@type":"Organization","@id":"https:\/\/dama-moe.de\/pl\/#organization","name":"DARIA MAK-WALTHER","url":"https:\/\/dama-moe.de\/pl\/","logo":{"@type":"ImageObject","inLanguage":"pl-PL","@id":"https:\/\/dama-moe.de\/pl\/#\/schema\/logo\/image\/","url":"","contentUrl":"","caption":"DARIA MAK-WALTHER"},"image":{"@id":"https:\/\/dama-moe.de\/pl\/#\/schema\/logo\/image\/"}},{"@type":"Person","@id":"https:\/\/dama-moe.de\/pl\/#\/schema\/person\/bd8f870e0350212c0eb0681783b4bc52","name":"Daria Mak-Walther","sameAs":["http:\/\/dama-moe.de"],"url":"https:\/\/dama-moe.de\/pl\/blog\/author\/admin\/"}]}},"_links":{"self":[{"href":"https:\/\/dama-moe.de\/pl\/wp-json\/wp\/v2\/posts\/1026","targetHints":{"allow":["GET"]}}],"collection":[{"href":"https:\/\/dama-moe.de\/pl\/wp-json\/wp\/v2\/posts"}],"about":[{"href":"https:\/\/dama-moe.de\/pl\/wp-json\/wp\/v2\/types\/post"}],"author":[{"embeddable":true,"href":"https:\/\/dama-moe.de\/pl\/wp-json\/wp\/v2\/users\/1"}],"replies":[{"embeddable":true,"href":"https:\/\/dama-moe.de\/pl\/wp-json\/wp\/v2\/comments?post=1026"}],"version-history":[{"count":4,"href":"https:\/\/dama-moe.de\/pl\/wp-json\/wp\/v2\/posts\/1026\/revisions"}],"predecessor-version":[{"id":1078,"href":"https:\/\/dama-moe.de\/pl\/wp-json\/wp\/v2\/posts\/1026\/revisions\/1078"}],"wp:featuredmedia":[{"embeddable":true,"href":"https:\/\/dama-moe.de\/pl\/wp-json\/wp\/v2\/media\/1030"}],"wp:attachment":[{"href":"https:\/\/dama-moe.de\/pl\/wp-json\/wp\/v2\/media?parent=1026"}],"wp:term":[{"taxonomy":"category","embeddable":true,"href":"https:\/\/dama-moe.de\/pl\/wp-json\/wp\/v2\/categories?post=1026"},{"taxonomy":"post_tag","embeddable":true,"href":"https:\/\/dama-moe.de\/pl\/wp-json\/wp\/v2\/tags?post=1026"}],"curies":[{"name":"wp","href":"https:\/\/api.w.org\/{rel}","templated":true}]}}