{"id":110,"count":6,"description":"Artyku\u0142y dotycz\u0105ce wej\u015bcia na rynek niemiecki oraz rozwoju dzia\u0142alno\u015bci w krajach DACH. Znajdziesz tu analizy strategii ekspansji, sprzeda\u017cy B2B oraz praktyczne wskaz\u00f3wki, jak dopasowa\u0107 ofert\u0119 do wymaga\u0144 klient\u00f3w w Niemczech i unikn\u0105\u0107 typowych b\u0142\u0119d\u00f3w.","link":"https:\/\/dama-moe.de\/pl\/pl\/blog\/category\/ekspansja-do-niemiec-rynek-dach\/","name":"Ekspansja do Niemiec (rynek DACH)","slug":"ekspansja-do-niemiec-rynek-dach","taxonomy":"category","parent":0,"meta":[],"yoast_head":"<!-- This site is optimized with the Yoast SEO plugin v27.5 - https:\/\/yoast.com\/product\/yoast-seo-wordpress\/ -->\n<title>Ekspansja do Niemiec (rynek DACH) Archive - DARIA MAK-WALTHER<\/title>\n<meta name=\"robots\" content=\"index, follow, max-snippet:-1, max-image-preview:large, max-video-preview:-1\" \/>\n<link rel=\"canonical\" href=\"https:\/\/dama-moe.de\/pl\/pl\/blog\/category\/ekspansja-do-niemiec-rynek-dach\/\" \/>\n<meta property=\"og:locale\" content=\"pl_PL\" \/>\n<meta property=\"og:type\" content=\"article\" \/>\n<meta property=\"og:title\" content=\"Ekspansja do Niemiec (rynek DACH) Archive - DARIA MAK-WALTHER\" \/>\n<meta property=\"og:description\" content=\"Artyku\u0142y dotycz\u0105ce wej\u015bcia na rynek niemiecki oraz rozwoju dzia\u0142alno\u015bci w krajach DACH. Znajdziesz tu analizy strategii ekspansji, sprzeda\u017cy B2B oraz praktyczne wskaz\u00f3wki, jak dopasowa\u0107 ofert\u0119 do wymaga\u0144 klient\u00f3w w Niemczech i unikn\u0105\u0107 typowych b\u0142\u0119d\u00f3w.\" \/>\n<meta property=\"og:url\" content=\"https:\/\/dama-moe.de\/pl\/pl\/blog\/category\/ekspansja-do-niemiec-rynek-dach\/\" \/>\n<meta property=\"og:site_name\" content=\"DARIA MAK-WALTHER\" \/>\n<meta name=\"twitter:card\" content=\"summary_large_image\" \/>\n<script type=\"application\/ld+json\" class=\"yoast-schema-graph\">{\"@context\":\"https:\\\/\\\/schema.org\",\"@graph\":[{\"@type\":\"CollectionPage\",\"@id\":\"https:\\\/\\\/dama-moe.de\\\/pl\\\/pl\\\/blog\\\/category\\\/ekspansja-do-niemiec-rynek-dach\\\/\",\"url\":\"https:\\\/\\\/dama-moe.de\\\/pl\\\/pl\\\/blog\\\/category\\\/ekspansja-do-niemiec-rynek-dach\\\/\",\"name\":\"Ekspansja do Niemiec (rynek DACH) Archive - DARIA MAK-WALTHER\",\"isPartOf\":{\"@id\":\"https:\\\/\\\/dama-moe.de\\\/pl\\\/#website\"},\"breadcrumb\":{\"@id\":\"https:\\\/\\\/dama-moe.de\\\/pl\\\/pl\\\/blog\\\/category\\\/ekspansja-do-niemiec-rynek-dach\\\/#breadcrumb\"},\"inLanguage\":\"pl-PL\"},{\"@type\":\"BreadcrumbList\",\"@id\":\"https:\\\/\\\/dama-moe.de\\\/pl\\\/pl\\\/blog\\\/category\\\/ekspansja-do-niemiec-rynek-dach\\\/#breadcrumb\",\"itemListElement\":[{\"@type\":\"ListItem\",\"position\":1,\"name\":\"Startseite\",\"item\":\"https:\\\/\\\/dama-moe.de\\\/pl\\\/\"},{\"@type\":\"ListItem\",\"position\":2,\"name\":\"Ekspansja do Niemiec (rynek DACH)\"}]},{\"@type\":\"WebSite\",\"@id\":\"https:\\\/\\\/dama-moe.de\\\/pl\\\/#website\",\"url\":\"https:\\\/\\\/dama-moe.de\\\/pl\\\/\",\"name\":\"DARIA MAK-WALTHER\",\"description\":\"Wspieramy Ci\u0119 w internacjonalizacji\",\"publisher\":{\"@id\":\"https:\\\/\\\/dama-moe.de\\\/pl\\\/#organization\"},\"potentialAction\":[{\"@type\":\"SearchAction\",\"target\":{\"@type\":\"EntryPoint\",\"urlTemplate\":\"https:\\\/\\\/dama-moe.de\\\/pl\\\/?s={search_term_string}\"},\"query-input\":{\"@type\":\"PropertyValueSpecification\",\"valueRequired\":true,\"valueName\":\"search_term_string\"}}],\"inLanguage\":\"pl-PL\"},{\"@type\":\"Organization\",\"@id\":\"https:\\\/\\\/dama-moe.de\\\/pl\\\/#organization\",\"name\":\"DARIA MAK-WALTHER\",\"url\":\"https:\\\/\\\/dama-moe.de\\\/pl\\\/\",\"logo\":{\"@type\":\"ImageObject\",\"inLanguage\":\"pl-PL\",\"@id\":\"https:\\\/\\\/dama-moe.de\\\/pl\\\/#\\\/schema\\\/logo\\\/image\\\/\",\"url\":\"\",\"contentUrl\":\"\",\"caption\":\"DARIA MAK-WALTHER\"},\"image\":{\"@id\":\"https:\\\/\\\/dama-moe.de\\\/pl\\\/#\\\/schema\\\/logo\\\/image\\\/\"}}]}<\/script>\n<!-- \/ Yoast SEO plugin. -->","yoast_head_json":{"title":"Ekspansja do Niemiec (rynek DACH) Archive - DARIA MAK-WALTHER","robots":{"index":"index","follow":"follow","max-snippet":"max-snippet:-1","max-image-preview":"max-image-preview:large","max-video-preview":"max-video-preview:-1"},"canonical":"https:\/\/dama-moe.de\/pl\/pl\/blog\/category\/ekspansja-do-niemiec-rynek-dach\/","og_locale":"pl_PL","og_type":"article","og_title":"Ekspansja do Niemiec (rynek DACH) Archive - DARIA MAK-WALTHER","og_description":"Artyku\u0142y dotycz\u0105ce wej\u015bcia na rynek niemiecki oraz rozwoju dzia\u0142alno\u015bci w krajach DACH. Znajdziesz tu analizy strategii ekspansji, sprzeda\u017cy B2B oraz praktyczne wskaz\u00f3wki, jak dopasowa\u0107 ofert\u0119 do wymaga\u0144 klient\u00f3w w Niemczech i unikn\u0105\u0107 typowych b\u0142\u0119d\u00f3w.","og_url":"https:\/\/dama-moe.de\/pl\/pl\/blog\/category\/ekspansja-do-niemiec-rynek-dach\/","og_site_name":"DARIA MAK-WALTHER","twitter_card":"summary_large_image","schema":{"@context":"https:\/\/schema.org","@graph":[{"@type":"CollectionPage","@id":"https:\/\/dama-moe.de\/pl\/pl\/blog\/category\/ekspansja-do-niemiec-rynek-dach\/","url":"https:\/\/dama-moe.de\/pl\/pl\/blog\/category\/ekspansja-do-niemiec-rynek-dach\/","name":"Ekspansja do Niemiec (rynek DACH) Archive - DARIA MAK-WALTHER","isPartOf":{"@id":"https:\/\/dama-moe.de\/pl\/#website"},"breadcrumb":{"@id":"https:\/\/dama-moe.de\/pl\/pl\/blog\/category\/ekspansja-do-niemiec-rynek-dach\/#breadcrumb"},"inLanguage":"pl-PL"},{"@type":"BreadcrumbList","@id":"https:\/\/dama-moe.de\/pl\/pl\/blog\/category\/ekspansja-do-niemiec-rynek-dach\/#breadcrumb","itemListElement":[{"@type":"ListItem","position":1,"name":"Startseite","item":"https:\/\/dama-moe.de\/pl\/"},{"@type":"ListItem","position":2,"name":"Ekspansja do Niemiec (rynek DACH)"}]},{"@type":"WebSite","@id":"https:\/\/dama-moe.de\/pl\/#website","url":"https:\/\/dama-moe.de\/pl\/","name":"DARIA MAK-WALTHER","description":"Wspieramy Ci\u0119 w internacjonalizacji","publisher":{"@id":"https:\/\/dama-moe.de\/pl\/#organization"},"potentialAction":[{"@type":"SearchAction","target":{"@type":"EntryPoint","urlTemplate":"https:\/\/dama-moe.de\/pl\/?s={search_term_string}"},"query-input":{"@type":"PropertyValueSpecification","valueRequired":true,"valueName":"search_term_string"}}],"inLanguage":"pl-PL"},{"@type":"Organization","@id":"https:\/\/dama-moe.de\/pl\/#organization","name":"DARIA MAK-WALTHER","url":"https:\/\/dama-moe.de\/pl\/","logo":{"@type":"ImageObject","inLanguage":"pl-PL","@id":"https:\/\/dama-moe.de\/pl\/#\/schema\/logo\/image\/","url":"","contentUrl":"","caption":"DARIA MAK-WALTHER"},"image":{"@id":"https:\/\/dama-moe.de\/pl\/#\/schema\/logo\/image\/"}}]}},"_links":{"self":[{"href":"https:\/\/dama-moe.de\/pl\/wp-json\/wp\/v2\/categories\/110","targetHints":{"allow":["GET"]}}],"collection":[{"href":"https:\/\/dama-moe.de\/pl\/wp-json\/wp\/v2\/categories"}],"about":[{"href":"https:\/\/dama-moe.de\/pl\/wp-json\/wp\/v2\/taxonomies\/category"}],"wp:post_type":[{"href":"https:\/\/dama-moe.de\/pl\/wp-json\/wp\/v2\/posts?categories=110"}],"curies":[{"name":"wp","href":"https:\/\/api.w.org\/{rel}","templated":true}]}}